{"id":8554,"date":"2026-09-06T09:02:15","date_gmt":"2026-09-06T07:02:15","guid":{"rendered":"https:\/\/www.laeroport.fr\/news\/fermeture-aeroport-jakarta-anak-krakatoa\/"},"modified":"2026-09-06T09:02:15","modified_gmt":"2026-09-06T07:02:15","slug":"fermeture-aeroport-jakarta-anak-krakatoa","status":"publish","type":"post","link":"https:\/\/www.laeroport.fr\/news\/fermeture-aeroport-jakarta-anak-krakatoa\/","title":{"rendered":"Fermeture de l&rsquo;a\u00e9roport de Jakarta suite \u00e0 l&rsquo;\u00e9ruption spectaculaire de l&rsquo;Anak Krakatoa en Indon\u00e9sie"},"content":{"rendered":"<p class=\"wp-block-paragraph\"><strong>Fermeture de l&rsquo;a\u00e9roport international Soekarno-Hatta de Jakarta<\/strong> \u00e0 la suite de l&rsquo;\u00e9ruption spectaculaire du volcan Anak Krakatoa en Indon\u00e9sie a provoqu\u00e9 une perturbation majeure dans le trafic a\u00e9rien r\u00e9gional. D\u00e8s le dimanche 6 septembre 2026, les autorit\u00e9s indon\u00e9siennes ont ordonn\u00e9 la suspension de toutes les op\u00e9rations au principal a\u00e9roport de la capitale, affectant plus de <strong>200 vols<\/strong> et pr\u00e8s de <strong>22 000 passagers<\/strong>. Cette d\u00e9cision cruciale vise \u00e0 garantir la s\u00e9curit\u00e9 a\u00e9rienne face \u00e0 la pr\u00e9sence massive de <strong>cendres volcaniques<\/strong>, qui repr\u00e9sentent une menace s\u00e9rieuse pour les appareils en vol.<\/p>\n\n<ul class=\"wp-block-list\"><li><strong>Date d&rsquo;\u00e9v\u00e9nement :<\/strong> dimanche 6 septembre 2026<\/li><li><strong>Lieu impact\u00e9 :<\/strong> a\u00e9roport international Soekarno-Hatta, Jakarta<\/li><li><strong>Cause :<\/strong> \u00e9ruption majeure du volcan Anak Krakatoa<\/li><li><strong>Cons\u00e9quences :<\/strong> fermeture temporaire, interruption de plus de 200 vols, 22 000 passagers affect\u00e9s<\/li><li><strong>Mesure prise :<\/strong> suspension des activit\u00e9s a\u00e9roportuaires pour garantir la s\u00e9curit\u00e9<\/li><\/ul>\n\n<h2 class=\"wp-block-heading\">Fermeture a\u00e9roport Jakarta : une r\u00e9ponse n\u00e9cessaire \u00e0 une catastrophe naturelle majeure<\/h2>\n\n<p class=\"wp-block-paragraph\">L\u2019Indon\u00e9sie, un archipel situ\u00e9 sur la ceinture de feu du Pacifique, est r\u00e9guli\u00e8rement confront\u00e9e \u00e0 des ph\u00e9nom\u00e8nes volcaniques. Le volcan Anak Krakatoa, situ\u00e9 \u00e0 plus de 150 km de Jakarta dans le d\u00e9troit de la Sonde, est entr\u00e9 en \u00e9ruption de mani\u00e8re spectaculaire dimanche matin. Les rejets massifs de <strong>cendres volcaniques<\/strong> ont rapidement pollu\u00e9 l\u2019espace a\u00e9rien qui survole la capitale, obligeant les autorit\u00e9s \u00e0 prendre des mesures drastiques.<\/p>\n\n<p class=\"wp-block-paragraph\">Les cendres, fines mais extr\u00eamement abrasives, peuvent causer des d\u00e9g\u00e2ts irr\u00e9versibles aux moteurs d\u2019avions. D\u00e8s la d\u00e9tection de ces particules dans la zone a\u00e9rienne proche de Jakarta, la direction de l\u2019aviation civile indon\u00e9sienne a suspendu toutes les d\u00e9collages et atterrissages jusqu\u2019\u00e0 nouvel ordre, une d\u00e9marche classique face \u00e0 ce type d\u2019al\u00e9a naturel.<\/p>\n\n<figure class=\"wp-block-image size-full\"><img loading=\"lazy\" decoding=\"async\" width=\"1344\" height=\"768\" src=\"https:\/\/www.laeroport.fr\/news\/wp-content\/uploads\/2026\/09\/Fermeture-de-laeroport-de-Jakarta-suite-a-leruption-spectaculaire-de-lAnak-Krakatoa-en-Indonesie-1.png\" alt=\"fermeture temporaire de l&apos;a\u00e9roport de jakarta en raison de l&apos;\u00e9ruption spectaculaire de l&apos;anak krakatoa en indon\u00e9sie, perturbant les vols et les d\u00e9placements.\" class=\"wp-image-8553\" srcset=\"https:\/\/www.laeroport.fr\/news\/wp-content\/uploads\/2026\/09\/Fermeture-de-laeroport-de-Jakarta-suite-a-leruption-spectaculaire-de-lAnak-Krakatoa-en-Indonesie-1.png 1344w, https:\/\/www.laeroport.fr\/news\/wp-content\/uploads\/2026\/09\/Fermeture-de-laeroport-de-Jakarta-suite-a-leruption-spectaculaire-de-lAnak-Krakatoa-en-Indonesie-1-300x171.png 300w, https:\/\/www.laeroport.fr\/news\/wp-content\/uploads\/2026\/09\/Fermeture-de-laeroport-de-Jakarta-suite-a-leruption-spectaculaire-de-lAnak-Krakatoa-en-Indonesie-1-1024x585.png 1024w, https:\/\/www.laeroport.fr\/news\/wp-content\/uploads\/2026\/09\/Fermeture-de-laeroport-de-Jakarta-suite-a-leruption-spectaculaire-de-lAnak-Krakatoa-en-Indonesie-1-768x439.png 768w\" sizes=\"auto, (max-width: 1344px) 100vw, 1344px\" \/><\/figure>\n\n<h3 class=\"wp-block-heading\">Impact imm\u00e9diat sur les voyageurs et le trafic a\u00e9rien<\/h3>\n\n<p class=\"wp-block-paragraph\">Plus de <strong>22 000 passagers<\/strong> se sont retrouv\u00e9s bloqu\u00e9s \u00e0 Jakarta, confront\u00e9s \u00e0 une situation d\u2019attente prolong\u00e9e. Les compagnies a\u00e9riennes ont annul\u00e9 ou report\u00e9 leurs vols, tandis que les autorit\u00e9s organisent des dispositifs d\u2019<strong>\u00e9vacuation<\/strong> graduels et la prise en charge des voyageurs dans les terminaux. Le bureau r\u00e9gional de l\u2019aviation civile a \u00e9galement \u00e9mis des recommandations pour les vols \u00e0 destination d\u2019autres a\u00e9roports indon\u00e9siens, prenant en compte la direction des cendres et les vents dominant dans la r\u00e9gion.<\/p>\n\n<p class=\"wp-block-paragraph\">En raison de la complexit\u00e9 de la gestion de cette crise, le gouvernement surveille quotidiennement la situation volcanique par le biais d\u2019instruments de mesure sophistiqu\u00e9s pour anticiper une r\u00e9ouverture rapide mais s\u00e9curis\u00e9e. Une coordination avec les autorit\u00e9s a\u00e9roportuaires locales est \u00e9galement en cours.<\/p>\n\n<h2 class=\"wp-block-heading\">Gestion du risque volcanique et s\u00e9curit\u00e9 a\u00e9rienne<\/h2>\n\n<p class=\"wp-block-paragraph\">La fermeture de l\u2019a\u00e9roport de Jakarta constitue une mesure capitale dans la pr\u00e9vention d\u2019incidents a\u00e9riens aux cons\u00e9quences parfois dramatiques. Le secteur a\u00e9rien a connu des interruptions similaires dans des contextes volcaniques comparables, notamment lors des r\u00e9centes <a href=\"https:\/\/www.laeroport.fr\/news\/eruptions-etna-catane\/\">\u00e9ruptions de l\u2019Etna \u00e0 Catane<\/a>. Ces pr\u00e9c\u00e9dents ont renforc\u00e9 les protocoles de s\u00e9curit\u00e9 afin de limiter au maximum les risques.<\/p>\n\n<p class=\"wp-block-paragraph\">Une surveillance accrue est r\u00e9alis\u00e9e via des radars sp\u00e9cifiques et l\u2019analyse satellitaire pour d\u00e9tecter des nuages de cendres, ce qui permet d\u2019adapter en temps r\u00e9el les restrictions de vol. Les compagnies a\u00e9riennes suivent ces alertes scrupuleusement depuis le sol et en vol, et ajustent leurs plans de vol pour \u00e9viter les zones dangereuses.<\/p>\n\n<h3 class=\"wp-block-heading\">Liste des principales mesures d\u00e9ploy\u00e9es en Indon\u00e9sie pour g\u00e9rer cette crise<\/h3>\n\n<ul class=\"wp-block-list\"><li>Fermeture imm\u00e9diate de l&rsquo;a\u00e9roport international Soekarno-Hatta \u00e0 Jakarta<\/li><li>Surveillance a\u00e9rienne renforc\u00e9e avec d\u00e9tection des cendres volcaniques<\/li><li>Information continue aux voyageurs et compagnies sur l\u2019\u00e9volution de la situation<\/li><li>Coordination entre les autorit\u00e9s de l\u2019aviation civile et les services de gestion de crise<\/li><li>Organisation de dispositifs d&rsquo;\u00e9vacuation et de prise en charge sanitaire<\/li><li>Orientations vers des a\u00e9roports moins expos\u00e9s aux cendres comme alternative<\/li><\/ul>\n\n<h2 class=\"wp-block-heading\">Cons\u00e9quences sur le long terme et gestion post-crise<\/h2>\n\n<p class=\"wp-block-paragraph\">Au-del\u00e0 des perturbations imm\u00e9diates, cette crise expose la vuln\u00e9rabilit\u00e9 du trafic a\u00e9rien dans une zone \u00e0 fort risque volcanique. Les strat\u00e9gies \u00e0 moyen terme incluent une \u00e9tude approfondie des itin\u00e9raires a\u00e9riens et la cr\u00e9ation de corridors s\u00e9curis\u00e9s pour minimiser l\u2019exposition aux cendres dans la r\u00e9gion de l\u2019Asie du Sud-Est.<\/p>\n\n<p class=\"wp-block-paragraph\">Les experts insistent sur l\u2019importance de protocoles robustes et d\u2019une communication transparente pour rassurer les passagers et garantir la confiance dans le transport a\u00e9rien r\u00e9gional. La fermeture de l\u2019a\u00e9roport de Jakarta rappelle aussi les enjeux \u00e9conomiques et humains majeurs auxquels sont confront\u00e9s les op\u00e9rateurs et les voyageurs, surtout dans un contexte o\u00f9 la connectivit\u00e9 internationale est vitale.<\/p>\n\n<p class=\"wp-block-paragraph\">Pour en savoir plus sur des fermetures d&rsquo;a\u00e9roports li\u00e9es \u00e0 des \u00e9v\u00e9nements majeurs, notamment ceux dus \u00e0 des catastrophes naturelles ou des complications op\u00e9rationnelles, il est int\u00e9ressant de consulter des \u00e9tudes de cas comme la <a href=\"https:\/\/www.laeroport.fr\/news\/fermeture-de-laeroport-de-dubai-veritables-casse-tetes-pour-les-voyageurs-bloques\/\">fermeture de l&rsquo;a\u00e9roport de Duba\u00ef<\/a> ou les interruptions \u00e0 Catane lors des incendies pass\u00e9s.<\/p>\n\n","protected":false},"excerpt":{"rendered":"<p>Fermeture de l&rsquo;a\u00e9roport international Soekarno-Hatta de Jakarta \u00e0 la suite de l&rsquo;\u00e9ruption spectaculaire du volcan Anak Krakatoa en Indon\u00e9sie a provoqu\u00e9 une perturbation majeure dans le trafic a\u00e9rien r\u00e9gional. D\u00e8s le dimanche 6 septembre 2026, les autorit\u00e9s indon\u00e9siennes ont ordonn\u00e9 la suspension de toutes les op\u00e9rations au principal a\u00e9roport de la capitale, affectant plus de [&hellip;]<\/p>\n","protected":false},"author":10,"featured_media":8552,"comment_status":"open","ping_status":"open","sticky":false,"template":"","format":"standard","meta":{"footnotes":""},"categories":[2],"tags":[],"class_list":["post-8554","post","type-post","status-publish","format-standard","has-post-thumbnail","hentry","category-actualites-aeroports"],"_links":{"self":[{"href":"https:\/\/www.laeroport.fr\/news\/wp-json\/wp\/v2\/posts\/8554","targetHints":{"allow":["GET"]}}],"collection":[{"href":"https:\/\/www.laeroport.fr\/news\/wp-json\/wp\/v2\/posts"}],"about":[{"href":"https:\/\/www.laeroport.fr\/news\/wp-json\/wp\/v2\/types\/post"}],"author":[{"embeddable":true,"href":"https:\/\/www.laeroport.fr\/news\/wp-json\/wp\/v2\/users\/10"}],"replies":[{"embeddable":true,"href":"https:\/\/www.laeroport.fr\/news\/wp-json\/wp\/v2\/comments?post=8554"}],"version-history":[{"count":0,"href":"https:\/\/www.laeroport.fr\/news\/wp-json\/wp\/v2\/posts\/8554\/revisions"}],"wp:featuredmedia":[{"embeddable":true,"href":"https:\/\/www.laeroport.fr\/news\/wp-json\/wp\/v2\/media\/8552"}],"wp:attachment":[{"href":"https:\/\/www.laeroport.fr\/news\/wp-json\/wp\/v2\/media?parent=8554"}],"wp:term":[{"taxonomy":"category","embeddable":true,"href":"https:\/\/www.laeroport.fr\/news\/wp-json\/wp\/v2\/categories?post=8554"},{"taxonomy":"post_tag","embeddable":true,"href":"https:\/\/www.laeroport.fr\/news\/wp-json\/wp\/v2\/tags?post=8554"}],"curies":[{"name":"wp","href":"https:\/\/api.w.org\/{rel}","templated":true}]}}