{"id":8545,"date":"2026-09-05T09:01:46","date_gmt":"2026-09-05T07:01:46","guid":{"rendered":"https:\/\/www.laeroport.fr\/news\/bale-mulhouse-amerique-nord\/"},"modified":"2026-09-05T09:01:46","modified_gmt":"2026-09-05T07:01:46","slug":"bale-mulhouse-amerique-nord","status":"publish","type":"post","link":"https:\/\/www.laeroport.fr\/news\/bale-mulhouse-amerique-nord\/","title":{"rendered":"A\u00e9roport de B\u00e2le-Mulhouse : une liaison directe in\u00e9dite vers l\u2019Am\u00e9rique du Nord d\u00e8s 2027"},"content":{"rendered":"<p class=\"wp-block-paragraph\">\u00c0 partir de l&rsquo;\u00e9t\u00e9 2027, l&rsquo;a\u00e9roport de B\u00e2le-Mulhouse inaugurera une <strong>liaison directe in\u00e9dite<\/strong> vers l\u2019<strong>Am\u00e9rique du Nord<\/strong>, renfor\u00e7ant ainsi sa position comme un carrefour a\u00e9rien europ\u00e9en strat\u00e9gique. Cette nouvelle route transatlantique, assur\u00e9e par Air Canada, reliera l\u2019agglom\u00e9ration trinationale de B\u00e2le \u00e0 Montr\u00e9al, offrant une connectivit\u00e9 renforc\u00e9e entre l\u2019Alsace et le continent nord-am\u00e9ricain. Les vols internationaux, programm\u00e9s quatre fois par semaine, permettront de r\u00e9pondre \u00e0 une demande croissante pour des voyages d\u2019affaires et de loisirs, tout en s\u2019inscrivant dans la dynamique d\u2019expansion du transport a\u00e9rien transfrontalier.<\/p>\n\n<p class=\"wp-block-paragraph\"><strong>En bref :<\/strong><\/p>\n\n<ul class=\"wp-block-list\"><li>Air Canada lance une liaison directe <strong>B\u00e2le-Mulhouse \u2013 Montr\u00e9al<\/strong> en \u00e9t\u00e9 2027.<\/li><li>Les vols seront op\u00e9r\u00e9s quatre fois par semaine, du 16 juin au 23 octobre 2027.<\/li><li>Cette nouvelle route a\u00e9rienne utilise les appareils Airbus A321XLR, livr\u00e9s \u00e0 Air Canada en 2026.<\/li><li>L\u2019a\u00e9roport de B\u00e2le-Mulhouse devient ainsi un point d\u2019entr\u00e9e cl\u00e9 vers le continent nord-am\u00e9ricain.<\/li><li>Cette desserte renforce la connectivit\u00e9 transatlantique pour les voyageurs alsaciens et frontaliers.<\/li><\/ul>\n\n<h2 class=\"wp-block-heading\">Un pont direct entre l\u2019Alsace et l\u2019Am\u00e9rique du Nord \u00e0 l\u2019\u00e9t\u00e9 2027<\/h2>\n\n<p class=\"wp-block-paragraph\">L\u2019EuroAirport de B\u00e2le-Mulhouse, situ\u00e9 \u00e0 l\u2019intersection de la France, de la Suisse et de l\u2019Allemagne, b\u00e9n\u00e9ficiera d\u00e8s 2027 d\u2019une <strong>nouvelle liaison directe<\/strong> vers Montr\u00e9al. Air Canada, la compagnie nationale canadienne, op\u00e9rera ces vols transatlantiques quatre fois par semaine, sp\u00e9cifiquement les lundis, mercredis, vendredis et samedis au d\u00e9part de Montr\u00e9al, avec des d\u00e9parts de B\u00e2le-Mulhouse les mardis, jeudis, samedis et dimanches. Ces d\u00e9parts sont programm\u00e9s \u00e0 12h15 depuis l\u2019Alsace, avec une arriv\u00e9e \u00e0 Montr\u00e9al pr\u00e9vue \u00e0 14h40 heure locale, facilitant ainsi les connexions vers le Qu\u00e9bec et l\u2019ensemble du r\u00e9seau nord-am\u00e9ricain.<\/p>\n\n<p class=\"wp-block-paragraph\">Ce projet s\u2019inscrit dans une strat\u00e9gie plus large d\u2019Air Canada d\u2019augmenter sa desserte europ\u00e9enne, particuli\u00e8rement depuis Montr\u00e9al, pour r\u00e9pondre \u00e0 la croissance du <strong>transport a\u00e9rien<\/strong> entre les deux continents. La p\u00e9riode estivale, choisie pour cette exploitation, t\u00e9moigne de l\u2019accent mis sur la demande touristique et d\u2019affaires durant les mois de forte affluence.<\/p>\n\n<figure class=\"wp-block-image size-full\"><img loading=\"lazy\" decoding=\"async\" width=\"1344\" height=\"768\" src=\"https:\/\/www.laeroport.fr\/news\/wp-content\/uploads\/2026\/09\/Aeroport-de-Bale-Mulhouse-une-liaison-directe-inedite-vers-lAmerique-du-Nord-des-2027-1.png\" alt=\"d\u00e9couvrez la nouvelle liaison directe in\u00e9dite entre l\u2019a\u00e9roport de b\u00e2le-mulhouse et l\u2019am\u00e9rique du nord, disponible d\u00e8s 2027, pour des voyages plus rapides et confortables.\" class=\"wp-image-8544\" srcset=\"https:\/\/www.laeroport.fr\/news\/wp-content\/uploads\/2026\/09\/Aeroport-de-Bale-Mulhouse-une-liaison-directe-inedite-vers-lAmerique-du-Nord-des-2027-1.png 1344w, https:\/\/www.laeroport.fr\/news\/wp-content\/uploads\/2026\/09\/Aeroport-de-Bale-Mulhouse-une-liaison-directe-inedite-vers-lAmerique-du-Nord-des-2027-1-300x171.png 300w, https:\/\/www.laeroport.fr\/news\/wp-content\/uploads\/2026\/09\/Aeroport-de-Bale-Mulhouse-une-liaison-directe-inedite-vers-lAmerique-du-Nord-des-2027-1-1024x585.png 1024w, https:\/\/www.laeroport.fr\/news\/wp-content\/uploads\/2026\/09\/Aeroport-de-Bale-Mulhouse-une-liaison-directe-inedite-vers-lAmerique-du-Nord-des-2027-1-768x439.png 768w\" sizes=\"auto, (max-width: 1344px) 100vw, 1344px\" \/><\/figure>\n\n<h3 class=\"wp-block-heading\">Des avions Airbus A321XLR pour une efficacit\u00e9 renforc\u00e9e<\/h3>\n\n<p class=\"wp-block-paragraph\">La nouvelle route internationale s\u2019appuiera sur les Airbus A321XLR, appareils r\u00e9cents livr\u00e9s \u00e0 Air Canada en 2026. Ces avions monocouloirs longue port\u00e9e sont sp\u00e9cialement con\u00e7us pour optimiser la consommation de carburant et offrir une meilleure autonomie sur des trajets such as between Europe and North America. Leur capacit\u00e9 adapt\u00e9e, combin\u00e9e \u00e0 leur efficience, permet \u00e0 Air Canada de proposer des vols directs \u00e0 un co\u00fbt ma\u00eetris\u00e9 tout en garantissant confort et rapidit\u00e9. C\u2019est une \u00e9volution cl\u00e9 dans le paysage du <strong>transport a\u00e9rien<\/strong> transatlantique.<\/p>\n\n<p class=\"wp-block-paragraph\">Gr\u00e2ce \u00e0 cette nouvelle route a\u00e9rienne, les voyageurs pourront \u00e9viter les escales traditionnelles, souvent n\u00e9cessaires sur d\u2019autres liaisons, et gagner un temps pr\u00e9cieux. Cette connectivit\u00e9 accrue favorise aussi le dynamisme \u00e9conomique et touristique de la r\u00e9gion alsacienne, qui pourra s\u2019appuyer sur un acc\u00e8s direct au march\u00e9 canadien pour d\u00e9velopper ses activit\u00e9s.<\/p>\n\n<h2 class=\"wp-block-heading\">Impacts pour les voyageurs et le territoire transfrontalier<\/h2>\n\n<p class=\"wp-block-paragraph\">La mise en service de cette liaison directe entre l&rsquo;A\u00e9roport de B\u00e2le-Mulhouse et Montr\u00e9al va consid\u00e9rablement faciliter les d\u00e9placements pour les r\u00e9sidents du bassin rh\u00e9nan et au-del\u00e0. Les opportunit\u00e9s d&rsquo;affaires seront renforc\u00e9es notamment pour les entreprises implant\u00e9es dans cette r\u00e9gion au carrefour de plusieurs fronti\u00e8res. Les amateurs de voyages b\u00e9n\u00e9ficieront \u00e9galement d\u2019une solution plus simple et rapide pour d\u00e9couvrir le Canada et l\u2019Am\u00e9rique du Nord.<\/p>\n\n<p class=\"wp-block-paragraph\">Les vols programm\u00e9s de mani\u00e8re r\u00e9guli\u00e8re et saisonni\u00e8re s\u2019adaptent aux flux touristiques importants pendant l\u2019\u00e9t\u00e9, mais cette initiative pourrait ouvrir la voie \u00e0 une p\u00e9rennisation si la demande continue de cro\u00eetre. Dans un contexte o\u00f9 la connectivit\u00e9 est un facteur cl\u00e9 de comp\u00e9titivit\u00e9, l\u2019a\u00e9roport r\u00e9gional alsacien r\u00e9pond ainsi aux attentes tout en diversifiant ses destinations internationales.<\/p>\n\n<h3 class=\"wp-block-heading\">Une dynamique renforc\u00e9e dans le r\u00e9seau europ\u00e9en<\/h3>\n\n<p class=\"wp-block-paragraph\">Cette nouvelle desserte s\u2019inscrit dans une tendance globale d\u2019ouverture de lignes transatlantiques depuis des a\u00e9roports secondaires ou frontaliers. En France, d\u2019autres plateformes comme Marseille-Provence ont r\u00e9cemment inaugur\u00e9 de nouvelles liaisons directes, illustrant un d\u00e9veloppement de la connectivit\u00e9 a\u00e9rienne hors des hubs traditionnels. Cette diversit\u00e9 contribue \u00e0 la fluidit\u00e9 des voyages internationaux tout en participant \u00e0 la reprise compl\u00e8te du secteur a\u00e9rien.<\/p>\n\n<p class=\"wp-block-paragraph\">Pour suivre les \u00e9volutions des compagnies a\u00e9riennes et des a\u00e9roports, consultez par exemple les annonces r\u00e9centes concernant les nouvelles routes directes au d\u00e9part de l\u2019 <a href=\"https:\/\/www.laeroport.fr\/news\/transavia-inaugure-de-nouvelles-lignes-directes-au-depart-de-laeroport-marseille-provence\/\">a\u00e9roport Marseille-Provence<\/a> ou encore la reprise de la liaison directe entre P\u00e9kin et Paris, un pas important pour le transport a\u00e9rien en Europe <a href=\"https:\/\/www.laeroport.fr\/news\/coronavirus-air-france-va-reprendre-sa-liaison-directe-pekin-paris-une-premiere-en-europe\/\">d\u00e9taill\u00e9 ici<\/a>.<\/p>\n\n<h2 class=\"wp-block-heading\">Bilan et perspectives d\u2019avenir pour l\u2019a\u00e9roport de B\u00e2le-Mulhouse<\/h2>\n\n<p class=\"wp-block-paragraph\">L\u2019arriv\u00e9e de cette <strong>nouvelle liaison directe<\/strong> s\u2019inscrit dans la strat\u00e9gie de d\u00e9veloppement de l\u2019a\u00e9roport de B\u00e2le-Mulhouse pour renforcer son statut d\u2019interface europ\u00e9enne majeure entre diff\u00e9rents march\u00e9s. \u00c0 l\u2019horizon 2027, cette connexion facilitera non seulement l\u2019acc\u00e8s \u00e0 l\u2019Am\u00e9rique du Nord mais contribuera \u00e9galement \u00e0 la croissance des flux de passagers dans une logique de diversification et d\u2019optimisation des offres de vols internationaux.<\/p>\n\n<ul class=\"wp-block-list\"><li><strong>Expansion de la connectivit\u00e9 transatlantique<\/strong> avec une ligne directe vers Montr\u00e9al, assurant un acc\u00e8s sans escale \u00e0 l\u2019Am\u00e9rique du Nord<\/li><li><strong>Modernisation de la flotte<\/strong> gr\u00e2ce \u00e0 l\u2019utilisation d\u2019Airbus A321XLR longue port\u00e9e, garantissant plus d\u2019efficacit\u00e9<\/li><li><strong>Am\u00e9lioration de l\u2019attractivit\u00e9<\/strong> pour les voyageurs d\u2019affaires et touristes au d\u00e9part de la r\u00e9gion alsacienne<\/li><li><strong>Renforcement de la position strat\u00e9gique<\/strong> de l\u2019EuroAirport au sein du r\u00e9seau europ\u00e9en des a\u00e9roports transfrontalier<\/li><li><strong>Potentiel de p\u00e9rennisation<\/strong> de la ligne selon les r\u00e9sultats de la saison estivale 2027.<\/li><\/ul>\n\n","protected":false},"excerpt":{"rendered":"<p>\u00c0 partir de l&rsquo;\u00e9t\u00e9 2027, l&rsquo;a\u00e9roport de B\u00e2le-Mulhouse inaugurera une liaison directe in\u00e9dite vers l\u2019Am\u00e9rique du Nord, renfor\u00e7ant ainsi sa position comme un carrefour a\u00e9rien europ\u00e9en strat\u00e9gique. Cette nouvelle route transatlantique, assur\u00e9e par Air Canada, reliera l\u2019agglom\u00e9ration trinationale de B\u00e2le \u00e0 Montr\u00e9al, offrant une connectivit\u00e9 renforc\u00e9e entre l\u2019Alsace et le continent nord-am\u00e9ricain. Les vols internationaux, [&hellip;]<\/p>\n","protected":false},"author":10,"featured_media":8543,"comment_status":"open","ping_status":"open","sticky":false,"template":"","format":"standard","meta":{"footnotes":""},"categories":[2],"tags":[],"class_list":["post-8545","post","type-post","status-publish","format-standard","has-post-thumbnail","hentry","category-actualites-aeroports"],"_links":{"self":[{"href":"https:\/\/www.laeroport.fr\/news\/wp-json\/wp\/v2\/posts\/8545","targetHints":{"allow":["GET"]}}],"collection":[{"href":"https:\/\/www.laeroport.fr\/news\/wp-json\/wp\/v2\/posts"}],"about":[{"href":"https:\/\/www.laeroport.fr\/news\/wp-json\/wp\/v2\/types\/post"}],"author":[{"embeddable":true,"href":"https:\/\/www.laeroport.fr\/news\/wp-json\/wp\/v2\/users\/10"}],"replies":[{"embeddable":true,"href":"https:\/\/www.laeroport.fr\/news\/wp-json\/wp\/v2\/comments?post=8545"}],"version-history":[{"count":0,"href":"https:\/\/www.laeroport.fr\/news\/wp-json\/wp\/v2\/posts\/8545\/revisions"}],"wp:featuredmedia":[{"embeddable":true,"href":"https:\/\/www.laeroport.fr\/news\/wp-json\/wp\/v2\/media\/8543"}],"wp:attachment":[{"href":"https:\/\/www.laeroport.fr\/news\/wp-json\/wp\/v2\/media?parent=8545"}],"wp:term":[{"taxonomy":"category","embeddable":true,"href":"https:\/\/www.laeroport.fr\/news\/wp-json\/wp\/v2\/categories?post=8545"},{"taxonomy":"post_tag","embeddable":true,"href":"https:\/\/www.laeroport.fr\/news\/wp-json\/wp\/v2\/tags?post=8545"}],"curies":[{"name":"wp","href":"https:\/\/api.w.org\/{rel}","templated":true}]}}