{"id":8537,"date":"2026-09-04T09:03:30","date_gmt":"2026-09-04T07:03:30","guid":{"rendered":"https:\/\/www.laeroport.fr\/news\/castres-mazamet-portes-ouvertes\/"},"modified":"2026-09-04T09:03:30","modified_gmt":"2026-09-04T07:03:30","slug":"castres-mazamet-portes-ouvertes","status":"publish","type":"post","link":"https:\/\/www.laeroport.fr\/news\/castres-mazamet-portes-ouvertes\/","title":{"rendered":"Plongez au c\u0153ur de l&rsquo;a\u00e9roport de Castres-Mazamet : portes ouvertes exceptionnelles ce samedi pour une visite exclusive !"},"content":{"rendered":"<p class=\"wp-block-paragraph\">L\u2019a\u00e9roport de Castres-Mazamet se pr\u00e9pare \u00e0 ouvrir ses portes au public pour la premi\u00e8re fois ce samedi 5 septembre, de 9 h \u00e0 19 h, offrant une occasion unique de plonger au c\u0153ur des m\u00e9tiers de l\u2019aviation locale. Cette journ\u00e9e portes ouvertes exceptionnelle mettra en lumi\u00e8re le r\u00f4le strat\u00e9gique de cette infrastructure a\u00e9rienne pour le Tarn, en proposant une immersion compl\u00e8te au sein d\u2019un monde habituellement r\u00e9serv\u00e9 aux professionnels et passagers. Au programme : visites exclusives, d\u00e9monstrations des services de sauvetage, d\u00e9couverte des m\u00e9tiers a\u00e9roportuaires, sans oublier un concert en fin d\u2019apr\u00e8s-midi sur le parvis de l\u2019a\u00e9rogare.<\/p>\n\n<p class=\"wp-block-paragraph\">Cette initiative, men\u00e9e par le personnel de l\u2019a\u00e9roport en collaboration avec de nombreux partenaires comme l\u2019arm\u00e9e, r\u00e9pond \u00e0 une forte demande du public pour mieux comprendre le fonctionnement d\u2019une plateforme a\u00e9roportuaire. L\u2019\u00e9v\u00e9nement s\u2019adresse aussi bien aux passionn\u00e9s d\u2019aviation qu\u2019aux familles en qu\u00eate d\u2019une sortie originale \u00e0 la rentr\u00e9e, offrant \u00e0 chacun une exp\u00e9rience enrichissante. Au-del\u00e0 de la d\u00e9couverte, cette manifestation est l\u2019occasion d\u2019attirer de nouvelles vocations et de sensibiliser \u00e0 l\u2019importance de la liaison r\u00e9guli\u00e8re avec Paris-Orly, indispensable pour les entreprises locales et l\u2019attractivit\u00e9 \u00e9conomique du territoire.<\/p>\n\n<h2 class=\"wp-block-heading\">\u00c0 la d\u00e9couverte des coulisses de l\u2019a\u00e9roport de Castres-Mazamet<\/h2>\n\n<p class=\"wp-block-paragraph\">Pour la premi\u00e8re fois, le public pourra acc\u00e9der \u00e0 des espaces habituellement ferm\u00e9s, donnant un acc\u00e8s privil\u00e9gi\u00e9 \u00e0 la tour de contr\u00f4le, sous r\u00e9serve de pr\u00e9sentation d\u2019une carte d\u2019identit\u00e9. Les visiteurs auront \u00e9galement l&rsquo;opportunit\u00e9 de tester un simulateur de vol, de visiter l\u2019atelier de maintenance des a\u00e9ronefs, et de rencontrer les agents d\u2019escale qui d\u00e9criront leur gestion des passagers, des bagages et de la coordination des vols. Les agents de s\u00fbret\u00e9 a\u00e9roportuaire d\u00e9voileront leurs missions quotidiennes, tandis que le service de sauvetage et lutte contre les incendies d\u2019a\u00e9ronefs pr\u00e9sentera ses \u00e9quipements et camions sp\u00e9cialis\u00e9s.<\/p>\n\n<p class=\"wp-block-paragraph\">Parmi les partenaires impliqu\u00e9s, les parachutistes du 8e RPIMa, bas\u00e9s \u00e0 proximit\u00e9 et utilisateurs r\u00e9guliers de la plateforme, ainsi que l\u2019association des radioamateurs engag\u00e9e dans la s\u00e9curit\u00e9 civile, tiendront des stands \u00e0 la fois dans le hall et sur le parking de l\u2019a\u00e9roport. Ces collaborations renforcent l\u2019id\u00e9e d\u2019un a\u00e9roport int\u00e9gr\u00e9 dans son territoire, aux multiples facettes, technique et humaine.<\/p>\n\n<figure class=\"wp-block-image size-full\"><img loading=\"lazy\" decoding=\"async\" width=\"1344\" height=\"768\" src=\"https:\/\/www.laeroport.fr\/news\/wp-content\/uploads\/2026\/09\/Plongez-au-coeur-de-laeroport-de-Castres-Mazamet-portes-ouvertes-exceptionnelles-ce-samedi-pour-une-visite-exclusive-1-1.png\" alt=\"d\u00e9couvrez l&apos;a\u00e9roport de castres-mazamet lors de ses portes ouvertes exceptionnelles ce samedi. profitez d&apos;une visite exclusive pour explorer les coulisses et vivre une exp\u00e9rience unique au c\u0153ur de l&apos;a\u00e9roport.\" class=\"wp-image-8536\" srcset=\"https:\/\/www.laeroport.fr\/news\/wp-content\/uploads\/2026\/09\/Plongez-au-coeur-de-laeroport-de-Castres-Mazamet-portes-ouvertes-exceptionnelles-ce-samedi-pour-une-visite-exclusive-1-1.png 1344w, https:\/\/www.laeroport.fr\/news\/wp-content\/uploads\/2026\/09\/Plongez-au-coeur-de-laeroport-de-Castres-Mazamet-portes-ouvertes-exceptionnelles-ce-samedi-pour-une-visite-exclusive-1-1-300x171.png 300w, https:\/\/www.laeroport.fr\/news\/wp-content\/uploads\/2026\/09\/Plongez-au-coeur-de-laeroport-de-Castres-Mazamet-portes-ouvertes-exceptionnelles-ce-samedi-pour-une-visite-exclusive-1-1-1024x585.png 1024w, https:\/\/www.laeroport.fr\/news\/wp-content\/uploads\/2026\/09\/Plongez-au-coeur-de-laeroport-de-Castres-Mazamet-portes-ouvertes-exceptionnelles-ce-samedi-pour-une-visite-exclusive-1-1-768x439.png 768w\" sizes=\"auto, (max-width: 1344px) 100vw, 1344px\" \/><\/figure>\n\n<h3 class=\"wp-block-heading\">Une journ\u00e9e rythm\u00e9e par animations et d\u00e9couvertes pour tous<\/h3>\n\n<p class=\"wp-block-paragraph\">Les visiteurs pourront profiter d\u2019une programmation vari\u00e9e tout au long de la journ\u00e9e. La pr\u00e9sence d\u2019un foodtruck proposant restauration l\u00e9g\u00e8re entre 11 h et 14 h, ainsi que la vente de glaces et gaufres en apr\u00e8s-midi, rendront l\u2019exp\u00e9rience conviviale. \u00c0 18 h 30, un concert du grand orchestre d\u2019harmonie de Castres viendra cl\u00f4turer cette immersion culturelle et touristique.<\/p>\n\n<p class=\"wp-block-paragraph\">La tombola gratuite organis\u00e9e lors de l&rsquo;\u00e9v\u00e9nement permettra aux participants de tenter leur chance pour remporter des lots attractifs, notamment un bon de voyage d\u2019une valeur de <strong>250 euros<\/strong> ou encore des bapt\u00eames de l\u2019air. Cette animation montre l\u2019ambition de l\u2019a\u00e9roport d\u2019associer divertissement et d\u00e9couverte pour attirer le plus large public possible.<\/p>\n\n<h2 class=\"wp-block-heading\">L&rsquo;importance \u00e9conomique et strat\u00e9gique de l\u2019a\u00e9roport pour le Tarn<\/h2>\n\n<p class=\"wp-block-paragraph\">Outre son r\u00f4le dans l\u2019aviation d\u2019affaires et de loisirs, la plateforme de Castres-Mazamet est un maillon essentiel du territoire gr\u00e2ce \u00e0 sa liaison r\u00e9guli\u00e8re avec l\u2019a\u00e9roport Paris-Orly, qui c\u00e9l\u00e8bre cette ann\u00e9e ses <strong>35 ans d\u2019existence<\/strong>. Ce lien a\u00e9rien est vital pour les entreprises locales, facilitant d\u00e9placements et \u00e9changes dans un monde \u00e9conomique toujours plus dynamique.<\/p>\n\n<p class=\"wp-block-paragraph\">Pourtant, cette desserte est aujourd\u2019hui fragilis\u00e9e, ce qui soul\u00e8ve une inqui\u00e9tude majeure au sein des acteurs \u00e9conomiques et sociaux. Une p\u00e9tition r\u00e9cente souligne que \u00ab <em>le maintien de cette liaison n\u2019est pas un privil\u00e8ge, c\u2019est une n\u00e9cessit\u00e9<\/em> \u00bb, alertant sur les cons\u00e9quences d\u2019une possible disparition. En mettant en lumi\u00e8re cette situation lors de ses portes ouvertes, l\u2019a\u00e9roport entend mobiliser l\u2019attention des voyageurs et du grand public sur l\u2019importance de sauvegarder cette infrastructure vitale.<\/p>\n\n<h3 class=\"wp-block-heading\">Une opportunit\u00e9 pour sensibiliser aux enjeux du transport a\u00e9rien<\/h3>\n\n<p class=\"wp-block-paragraph\">Au-del\u00e0 de la visite et des animations, cette journ\u00e9e s\u2019inscrit dans un contexte plus large de sensibilisation aux questions de s\u00e9curit\u00e9, de gestion des flux et de d\u00e9veloppement durable dans l\u2019aviation. La d\u00e9couverte des m\u00e9tiers \u00e0 travers les stands et d\u00e9monstrations offre une meilleure compr\u00e9hension de la complexit\u00e9 des op\u00e9rations a\u00e9roportuaires.<\/p>\n\n<p class=\"wp-block-paragraph\">Pour prolonger l\u2019exp\u00e9rience et \u00e9largir la connaissance du public sur les enjeux a\u00e9roportuaires, cet \u00e9v\u00e9nement rappelle aussi l\u2019importance d\u2019une vigilance continue, notamment face aux probl\u00e9matiques de s\u00e9curit\u00e9 toujours pr\u00e9sentes dans le secteur. Des alertes r\u00e9centes comme <a href=\"https:\/\/www.laeroport.fr\/news\/alerte-securite-berlin\/\">cette alerte s\u00e9curit\u00e9 \u00e0 Berlin<\/a> ou des incidents li\u00e9s \u00e0 la gestion des bagages, tels que <a href=\"https:\/\/www.laeroport.fr\/news\/bagage-suspect-rennes\/\">le signalement d\u2019un bagage suspect \u00e0 Rennes<\/a>, montrent \u00e0 quel point la coordination et la pr\u00e9vention sont essentielles pour garantir la s\u00fbret\u00e9 des voyageurs.<\/p>\n\n<ul class=\"wp-block-list\"><li><strong>Visite exceptionnelle<\/strong> des installations, y compris la tour de contr\u00f4le<\/li><li><strong>Pr\u00e9sentation compl\u00e8te<\/strong> des m\u00e9tiers a\u00e9roportuaires (s\u00fbret\u00e9, maintenance, escale, secours)<\/li><li><strong>Animation<\/strong> par des partenaires comme l\u2019arm\u00e9e et les parachutistes du 8e RPIMa<\/li><li><strong>Concert et restauration<\/strong> sur place pour une exp\u00e9rience conviviale<\/li><li><strong>Tombola<\/strong> gratuite avec des lots attractifs (bapt\u00eames de l\u2019air, bon de voyage)<\/li><li><strong>Focus<\/strong> sur le r\u00f4le crucial de la liaison Castres-Paris-Orly<\/li><\/ul>\n\n<p class=\"wp-block-paragraph\">Cette journ\u00e9e portes ouvertes est une invitation \u00e0 vivre une <strong>exp\u00e9rience immersive<\/strong> dans l\u2019univers a\u00e9roportuaire de Castres-Mazamet, m\u00ealant d\u00e9couvertes, animations et sensibilisation. Un rendez-vous \u00e0 ne pas manquer pour les amateurs d\u2019aviation, les familles et tous ceux qui souhaitent mieux comprendre le fonctionnement d\u2019un a\u00e9roport r\u00e9gional.<\/p>\n\n<p class=\"wp-block-paragraph\">Pour approfondir les th\u00e8mes li\u00e9s \u00e0 l\u2019aviation et aux \u00e9v\u00e9nements autour des a\u00e9roports, des informations compl\u00e9mentaires sont disponibles sur <a href=\"https:\/\/www.laeroport.fr\/news\/paludisme-roissy-cas\/\">la gestion sanitaire dans les infrastructures a\u00e9roportuaires<\/a> et d\u2019autres actualit\u00e9s de s\u00e9curit\u00e9.<\/p>\n\n","protected":false},"excerpt":{"rendered":"<p>L\u2019a\u00e9roport de Castres-Mazamet se pr\u00e9pare \u00e0 ouvrir ses portes au public pour la premi\u00e8re fois ce samedi 5 septembre, de 9 h \u00e0 19 h, offrant une occasion unique de plonger au c\u0153ur des m\u00e9tiers de l\u2019aviation locale. Cette journ\u00e9e portes ouvertes exceptionnelle mettra en lumi\u00e8re le r\u00f4le strat\u00e9gique de cette infrastructure a\u00e9rienne pour le [&hellip;]<\/p>\n","protected":false},"author":10,"featured_media":8535,"comment_status":"open","ping_status":"open","sticky":false,"template":"","format":"standard","meta":{"footnotes":""},"categories":[2],"tags":[],"class_list":["post-8537","post","type-post","status-publish","format-standard","has-post-thumbnail","hentry","category-actualites-aeroports"],"_links":{"self":[{"href":"https:\/\/www.laeroport.fr\/news\/wp-json\/wp\/v2\/posts\/8537","targetHints":{"allow":["GET"]}}],"collection":[{"href":"https:\/\/www.laeroport.fr\/news\/wp-json\/wp\/v2\/posts"}],"about":[{"href":"https:\/\/www.laeroport.fr\/news\/wp-json\/wp\/v2\/types\/post"}],"author":[{"embeddable":true,"href":"https:\/\/www.laeroport.fr\/news\/wp-json\/wp\/v2\/users\/10"}],"replies":[{"embeddable":true,"href":"https:\/\/www.laeroport.fr\/news\/wp-json\/wp\/v2\/comments?post=8537"}],"version-history":[{"count":0,"href":"https:\/\/www.laeroport.fr\/news\/wp-json\/wp\/v2\/posts\/8537\/revisions"}],"wp:featuredmedia":[{"embeddable":true,"href":"https:\/\/www.laeroport.fr\/news\/wp-json\/wp\/v2\/media\/8535"}],"wp:attachment":[{"href":"https:\/\/www.laeroport.fr\/news\/wp-json\/wp\/v2\/media?parent=8537"}],"wp:term":[{"taxonomy":"category","embeddable":true,"href":"https:\/\/www.laeroport.fr\/news\/wp-json\/wp\/v2\/categories?post=8537"},{"taxonomy":"post_tag","embeddable":true,"href":"https:\/\/www.laeroport.fr\/news\/wp-json\/wp\/v2\/tags?post=8537"}],"curies":[{"name":"wp","href":"https:\/\/api.w.org\/{rel}","templated":true}]}}