{"id":8534,"date":"2026-09-03T23:02:16","date_gmt":"2026-09-03T21:02:16","guid":{"rendered":"https:\/\/www.laeroport.fr\/news\/alerte-securite-berlin\/"},"modified":"2026-09-03T23:02:16","modified_gmt":"2026-09-03T21:02:16","slug":"alerte-securite-berlin","status":"publish","type":"post","link":"https:\/\/www.laeroport.fr\/news\/alerte-securite-berlin\/","title":{"rendered":"Alerte de s\u00e9curit\u00e9 \u00e0 l&rsquo;a\u00e9roport de Berlin : \u00e9vacuation d&rsquo;un terminal, les passagers bloqu\u00e9s depuis deux heures"},"content":{"rendered":"<p class=\"wp-block-paragraph\"><strong>Alerte de s\u00e9curit\u00e9<\/strong> ce jeudi 3 septembre \u00e0 l&rsquo;a\u00e9roport de Berlin-Brandebourg (BER) : le <strong>Terminal 1<\/strong> a \u00e9t\u00e9 \u00e9vacu\u00e9 apr\u00e8s la suspicion d&rsquo;une <strong>substance dangereuse<\/strong> dans un bagage. La police f\u00e9d\u00e9rale allemande a d\u00e9clench\u00e9 un protocole d&rsquo;<strong>urgence<\/strong> vers 17h45, entra\u00eenant un important <strong>blocage<\/strong> et un <strong>temps d&rsquo;attente<\/strong> prolong\u00e9 pour de nombreux <strong>passagers<\/strong>. Tandis que les op\u00e9rations a\u00e9riennes \u00e9taient partiellement maintenues, les voyageurs ont d\u00fb patienter plusieurs heures, sous surveillance polici\u00e8re accrue, les informations officielles restant limit\u00e9es.<\/p>\n\n<p class=\"wp-block-paragraph\">Cette situation a provoqu\u00e9 des retards significatifs pour plus de deux douzaines de vols, selon le porte-parole de l\u2019a\u00e9roport, qui pr\u00e9cise que le <strong>traitement des passagers<\/strong> a \u00e9t\u00e9 redirig\u00e9 vers le Terminal 2 lorsque cela \u00e9tait possible. La nature exacte de la menace n\u2019\u00e9tant pas confirm\u00e9e, les autorit\u00e9s ont adopt\u00e9 une position prudente pour assurer la <strong>s\u00e9curit\u00e9 a\u00e9roportuaire<\/strong> sans paralyser compl\u00e8tement les flux.<\/p>\n\n<ul class=\"wp-block-list\"><li><strong>Date et lieu :<\/strong> Jeudi 3 septembre 2026, a\u00e9roport Berlin-Brandebourg (BER)<\/li><li><strong>Zone concern\u00e9e :<\/strong> \u00c9vacuation compl\u00e8te du Terminal 1<\/li><li><strong>Dur\u00e9e du blocage :<\/strong> Plus de deux heures de blocage pour les passagers<\/li><li><strong>Cause :<\/strong> Suspicion de substance dangereuse dans un bagage signal\u00e9e par une passag\u00e8re<\/li><li><strong>Cons\u00e9quences :<\/strong> Retards pour plusieurs vols, transfert des op\u00e9rations vers le Terminal 2<\/li><\/ul>\n\n<h2 class=\"wp-block-heading\">Suspicion de substance dangereuse d\u00e9clenche l\u2019\u00e9vacuation du Terminal 1 \u00e0 Berlin BER<\/h2>\n\n<p class=\"wp-block-paragraph\">Vers 17h45, une passag\u00e8re a alert\u00e9 les agents de s\u00e9curit\u00e9 \u00e0 l&rsquo;a\u00e9roport de Berlin \u00e0 propos de la pr\u00e9sence d\u2019un produit potentiellement toxique dans ses bagages. La police f\u00e9d\u00e9rale allemande a aussit\u00f4t lanc\u00e9 une alerte \u00ab danger de bagages \u00bb et proc\u00e9d\u00e9 \u00e0 l\u2019\u00e9vacuation imm\u00e9diate de la <strong>zone publique du Terminal 1<\/strong>. Inqui\u00e8te de la nature de la substance non identifi\u00e9e, l&rsquo;a\u00e9roport a \u00e9voqu\u00e9 la possibilit\u00e9 d\u2019un risque sanitaire ou de s\u00e9curit\u00e9, ne pouvant exclure ni confirmer la menace.<\/p>\n\n<p class=\"wp-block-paragraph\">Malgr\u00e9 cette situation, les vols en pr\u00e9paration pour le d\u00e9collage ou l\u2019atterrissage ont \u00e9t\u00e9 autoris\u00e9s \u00e0 poursuivre leurs mouvements afin de limiter l\u2019impact sur le trafic a\u00e9rien. Toutefois, le contr\u00f4le des passagers a \u00e9t\u00e9 r\u00e9orient\u00e9 vers le Terminal 2, rendant les op\u00e9rations plus complexes et g\u00e9n\u00e9rant un flot inhabituel dans ce secteur. Le porte-parole a cependant soulign\u00e9 l\u2019impossibilit\u00e9, \u00e0 ce stade, de pr\u00e9voir l\u2019ampleur des <strong>retards<\/strong> ou possibles <strong>annulations<\/strong>.<\/p>\n\n<figure class=\"wp-block-image size-full\"><img loading=\"lazy\" decoding=\"async\" width=\"1344\" height=\"768\" src=\"https:\/\/www.laeroport.fr\/news\/wp-content\/uploads\/2026\/09\/Alerte-de-securite-a-laeroport-de-Berlin-evacuation-dun-terminal-les-passagers-bloques-depuis-deux-heures-1.png\" alt=\"alerte de s\u00e9curit\u00e9 \u00e0 l&apos;a\u00e9roport de berlin : \u00e9vacuation d&apos;un terminal en cours, avec des passagers bloqu\u00e9s depuis deux heures. suivez les derni\u00e8res informations sur cette situation.\" class=\"wp-image-8533\" srcset=\"https:\/\/www.laeroport.fr\/news\/wp-content\/uploads\/2026\/09\/Alerte-de-securite-a-laeroport-de-Berlin-evacuation-dun-terminal-les-passagers-bloques-depuis-deux-heures-1.png 1344w, https:\/\/www.laeroport.fr\/news\/wp-content\/uploads\/2026\/09\/Alerte-de-securite-a-laeroport-de-Berlin-evacuation-dun-terminal-les-passagers-bloques-depuis-deux-heures-1-300x171.png 300w, https:\/\/www.laeroport.fr\/news\/wp-content\/uploads\/2026\/09\/Alerte-de-securite-a-laeroport-de-Berlin-evacuation-dun-terminal-les-passagers-bloques-depuis-deux-heures-1-1024x585.png 1024w, https:\/\/www.laeroport.fr\/news\/wp-content\/uploads\/2026\/09\/Alerte-de-securite-a-laeroport-de-Berlin-evacuation-dun-terminal-les-passagers-bloques-depuis-deux-heures-1-768x439.png 768w\" sizes=\"auto, (max-width: 1344px) 100vw, 1344px\" \/><\/figure>\n\n<h3 class=\"wp-block-heading\">Les passagers t\u00e9moins d\u2019un blocage long et opaque<\/h3>\n\n<p class=\"wp-block-paragraph\">Benjamin, un voyageur en partance pour Bruxelles, a partag\u00e9 son ressenti face au <strong>blocage<\/strong> subi : \u00ab On attend depuis plus de deux heures sans explication claire. La pr\u00e9sence polici\u00e8re est forte mais aucune communication pr\u00e9cise ne filtre. Mes coll\u00e8gues de file et moi sommes dans l&rsquo;incertitude totale, et notre vol a \u00e9t\u00e9 retard\u00e9 sans indication sur une heure possible de d\u00e9part. \u00bb<\/p>\n\n<p class=\"wp-block-paragraph\">Ce manque d\u2019informations, coupl\u00e9 \u00e0 l\u2019incertitude li\u00e9e \u00e0 la nature exacte de l\u2019alerte, a g\u00e9n\u00e9r\u00e9 frustration et inqui\u00e9tude parmi de nombreux passagers. Ce nouvel incident s\u2019ajoute \u00e0 une s\u00e9rie d\u2019alertes s\u00e9curitaires qui affectent l\u2019Allemagne cette ann\u00e9e, dont un \u00e9pisode r\u00e9cent impliquant un drone charg\u00e9 d\u2019explosifs \u00e0 l\u2019a\u00e9roport de Leipzig, qualifi\u00e9 par les autorit\u00e9s de tentative d&rsquo;attentat d\u2019origine \u00e9trang\u00e8re, pour lequel l\u2019Allemagne accuse la Russie.<\/p>\n\n<h2 class=\"wp-block-heading\">Impact des mesures de s\u00e9curit\u00e9 sur le trafic a\u00e9rien et les passagers<\/h2>\n\n<p class=\"wp-block-paragraph\">Les autorit\u00e9s ont d\u00fb mettre en \u0153uvre des proc\u00e9dures exceptionnelles pour garantir la s\u00fbret\u00e9 dans un contexte toujours sensible \u00e0 la menace terroriste ou \u00e0 la manipulation de produits dangereux. Si l\u2019\u00e9vacuation a permis d\u2019\u00e9viter un risque potentiel, elle a aussi provoqu\u00e9 plusieurs heures d\u2019attente et des perturbations notables. Les \u00e9quipes de s\u00e9curit\u00e9 ont entam\u00e9 un nettoyage approfondi de la zone concern\u00e9e, tandis que le personnel administratif tentait de g\u00e9rer la reprise progressive des op\u00e9rations.<\/p>\n\n<p class=\"wp-block-paragraph\">Ce type d\u2019alerte rappelle la complexit\u00e9 des enjeux li\u00e9s \u00e0 la <strong>s\u00e9curit\u00e9 a\u00e9roportuaire<\/strong>. Les incidents autour des bagages suspects ou des objets potentiellement dangereux n\u00e9cessitent une mobilisation rapide, parfois au d\u00e9triment de la fluidit\u00e9 du trafic. Pour plusieurs voyageurs, cette exp\u00e9rience perturbe le d\u00e9roulement de leur voyage et oblige \u00e0 repenser les m\u00e9thodes de communication face \u00e0 l\u2019<strong>urgence<\/strong>.<\/p>\n\n<h3 class=\"wp-block-heading\">Le\u00e7ons et perspectives pour am\u00e9liorer la gestion des alertes en a\u00e9roport<\/h3>\n\n<p class=\"wp-block-paragraph\">Voici quelques pistes qui pourraient am\u00e9liorer la prise en charge des passagers lors de tels incidents :<\/p>\n\n<ul class=\"wp-block-list\"><li><strong>Renforcer la communication<\/strong> en temps r\u00e9el pour limiter l\u2019incertitude des passagers, notamment via des annonces claires et r\u00e9guli\u00e8res.<\/li><li><strong>Optimiser les flux<\/strong> entre les terminaux afin de faciliter le transfert rapide des passagers lors d\u2019\u00e9vacuation partielle.<\/li><li><strong>Former le personnel<\/strong> \u00e0 la gestion de crise, en int\u00e9grant plus de sc\u00e9narios d\u2019urgence incluant des substances suspects.<\/li><li><strong>Investir dans la technologie<\/strong> d\u00e9tectant les menaces sans retarder inutilement le transit des voyageurs.<\/li><\/ul>\n\n<p class=\"wp-block-paragraph\">L&rsquo;\u00e9v\u00e9nement \u00e0 Berlin s\u2019inscrit dans une tendance globale o\u00f9 la s\u00e9curit\u00e9 des plateformes a\u00e9roportuaires reste au c\u0153ur des priorit\u00e9s. Ces mesures pr\u00e9ventives sont parfois lourdes mais n\u00e9cessaires, comme l\u2019illustre aussi une r\u00e9cente \u00e9vacuation \u00e0 Lyon face \u00e0 un d\u00e9gagement suspect dans le Terminal 1 (<a href=\"https:\/\/www.laeroport.fr\/news\/lyon-terminal1-evacuation\/\">voir d\u00e9tail ici<\/a>). Dans un contexte o\u00f9 les drones perturbent r\u00e9guli\u00e8rement le trafic, comme ce fut r\u00e9cemment \u00e0 l\u2019a\u00e9roport berlinois (<a href=\"https:\/\/www.laeroport.fr\/news\/drone-perturbe-aeroport-allemagne\/\">d\u00e9couvrez notre analyse<\/a>), chaque incident est scrut\u00e9 afin de pr\u00e9venir un risque majeur.<\/p>\n\n","protected":false},"excerpt":{"rendered":"<p>Alerte de s\u00e9curit\u00e9 ce jeudi 3 septembre \u00e0 l&rsquo;a\u00e9roport de Berlin-Brandebourg (BER) : le Terminal 1 a \u00e9t\u00e9 \u00e9vacu\u00e9 apr\u00e8s la suspicion d&rsquo;une substance dangereuse dans un bagage. La police f\u00e9d\u00e9rale allemande a d\u00e9clench\u00e9 un protocole d&rsquo;urgence vers 17h45, entra\u00eenant un important blocage et un temps d&rsquo;attente prolong\u00e9 pour de nombreux passagers. Tandis que les [&hellip;]<\/p>\n","protected":false},"author":10,"featured_media":8532,"comment_status":"open","ping_status":"open","sticky":false,"template":"","format":"standard","meta":{"footnotes":""},"categories":[2],"tags":[],"class_list":["post-8534","post","type-post","status-publish","format-standard","has-post-thumbnail","hentry","category-actualites-aeroports"],"_links":{"self":[{"href":"https:\/\/www.laeroport.fr\/news\/wp-json\/wp\/v2\/posts\/8534","targetHints":{"allow":["GET"]}}],"collection":[{"href":"https:\/\/www.laeroport.fr\/news\/wp-json\/wp\/v2\/posts"}],"about":[{"href":"https:\/\/www.laeroport.fr\/news\/wp-json\/wp\/v2\/types\/post"}],"author":[{"embeddable":true,"href":"https:\/\/www.laeroport.fr\/news\/wp-json\/wp\/v2\/users\/10"}],"replies":[{"embeddable":true,"href":"https:\/\/www.laeroport.fr\/news\/wp-json\/wp\/v2\/comments?post=8534"}],"version-history":[{"count":0,"href":"https:\/\/www.laeroport.fr\/news\/wp-json\/wp\/v2\/posts\/8534\/revisions"}],"wp:featuredmedia":[{"embeddable":true,"href":"https:\/\/www.laeroport.fr\/news\/wp-json\/wp\/v2\/media\/8532"}],"wp:attachment":[{"href":"https:\/\/www.laeroport.fr\/news\/wp-json\/wp\/v2\/media?parent=8534"}],"wp:term":[{"taxonomy":"category","embeddable":true,"href":"https:\/\/www.laeroport.fr\/news\/wp-json\/wp\/v2\/categories?post=8534"},{"taxonomy":"post_tag","embeddable":true,"href":"https:\/\/www.laeroport.fr\/news\/wp-json\/wp\/v2\/tags?post=8534"}],"curies":[{"name":"wp","href":"https:\/\/api.w.org\/{rel}","templated":true}]}}