{"id":8528,"date":"2026-09-03T09:02:46","date_gmt":"2026-09-03T07:02:46","guid":{"rendered":"https:\/\/www.laeroport.fr\/news\/conflit-ukraine-allemagne-moscou\/"},"modified":"2026-09-03T09:02:46","modified_gmt":"2026-09-03T07:02:46","slug":"conflit-ukraine-allemagne-moscou","status":"publish","type":"post","link":"https:\/\/www.laeroport.fr\/news\/conflit-ukraine-allemagne-moscou\/","title":{"rendered":"Conflit en Ukraine : suite aux reproches allemands envers Moscou, deux individus munis de passeports&#8230;"},"content":{"rendered":"<p class=\"wp-block-paragraph\">Au c\u0153ur des tensions diplomatiques entre Berlin et Moscou, une affaire impliquant deux individus munis de passeports russes relance les inqui\u00e9tudes sur la <strong>s\u00e9curit\u00e9 europ\u00e9enne<\/strong> dans le contexte du <strong>conflit en Ukraine<\/strong>. D\u00e9but ao\u00fbt, une tentative d\u2019attentat par drone explosif \u00e0 l\u2019a\u00e9roport de Leipzig, un site strat\u00e9gique pour l\u2019arm\u00e9e allemande et l\u2019OTAN, a \u00e9t\u00e9 attribu\u00e9e par les autorit\u00e9s allemandes \u00e0 Moscou. Gr\u00e2ce \u00e0 une enqu\u00eate pouss\u00e9e de la police criminelle allemande, des traces ADN ont permis d\u2019identifier deux suspects dont l\u2019entr\u00e9e en Europe a \u00e9t\u00e9 retrac\u00e9e via des bases de donn\u00e9es collaboratives, faisant \u00e9clore une nouvelle <strong>crise politique<\/strong> entre les deux nations.<\/p>\n\n<p class=\"wp-block-paragraph\">Cette affaire soul\u00e8ve des questions cruciales sur l\u2019emploi des nouvelles technologies dans les attaques cibl\u00e9es et alimentent les <strong>reproches allemands<\/strong> contre la Russie, exacerbant la d\u00e9gradation des <strong>relations internationales<\/strong>. Berlin a r\u00e9agi en annon\u00e7ant des sanctions contre Moscou, d\u00e9non\u00e7ant une menace directe qui d\u00e9passe d\u00e9sormais le cadre ukrainien pour menacer la stabilit\u00e9 de l\u2019ensemble du continent.<\/p>\n\n<h2 class=\"wp-block-heading\">Analyse de l\u2019attentat d\u00e9jou\u00e9 : g\u00e9opolitique et menaces sur les a\u00e9roports europ\u00e9ens<\/h2>\n\n<p class=\"wp-block-paragraph\">Le 4 ao\u00fbt, un drone charg\u00e9 d\u2019explosifs a \u00e9t\u00e9 d\u00e9couvert dans la zone s\u00e9curis\u00e9e de l\u2019a\u00e9roport de Leipzig, provoquant une onde de choc dans la communaut\u00e9 europ\u00e9enne. Un second engin aurait percut\u00e9 un avion-cargo de DHL quelques minutes plus tard, illustrant la coordination des attaques. La police allemande a retrouv\u00e9 des traces ADN sur les \u00e9l\u00e9ments contamin\u00e9s par des substances explosives, permettant de pointer pr\u00e9cis\u00e9ment deux hommes li\u00e9s \u00e0 cette op\u00e9ration.<\/p>\n\n<figure class=\"wp-block-image size-full\"><img loading=\"lazy\" decoding=\"async\" width=\"1344\" height=\"768\" src=\"https:\/\/www.laeroport.fr\/news\/wp-content\/uploads\/2026\/09\/Conflit-en-Ukraine-suite-aux-reproches-allemands-envers-Moscou-deux-individus-munis-de-passeports-1.png\" alt=\"d\u00e9couvrez les tensions r\u00e9centes entre l&apos;allemagne et moscou dans le cadre du conflit en ukraine, impliquant deux individus munis de passeports, et les r\u00e9percussions diplomatiques qui s&apos;ensuivent.\" class=\"wp-image-8527\" srcset=\"https:\/\/www.laeroport.fr\/news\/wp-content\/uploads\/2026\/09\/Conflit-en-Ukraine-suite-aux-reproches-allemands-envers-Moscou-deux-individus-munis-de-passeports-1.png 1344w, https:\/\/www.laeroport.fr\/news\/wp-content\/uploads\/2026\/09\/Conflit-en-Ukraine-suite-aux-reproches-allemands-envers-Moscou-deux-individus-munis-de-passeports-1-300x171.png 300w, https:\/\/www.laeroport.fr\/news\/wp-content\/uploads\/2026\/09\/Conflit-en-Ukraine-suite-aux-reproches-allemands-envers-Moscou-deux-individus-munis-de-passeports-1-1024x585.png 1024w, https:\/\/www.laeroport.fr\/news\/wp-content\/uploads\/2026\/09\/Conflit-en-Ukraine-suite-aux-reproches-allemands-envers-Moscou-deux-individus-munis-de-passeports-1-768x439.png 768w\" sizes=\"auto, (max-width: 1344px) 100vw, 1344px\" \/><\/figure>\n\n<p class=\"wp-block-paragraph\">Selon des sources comme le <em>S\u00fcddeutsche Zeitung<\/em> et les groupes audiovisuels NDR et WDR, le premier suspect d\u00e9tient la double nationalit\u00e9 russe et bi\u00e9lorusse, avec un visa touristique d\u00e9livr\u00e9 en Italie via Minsk. Il s\u2019agit d\u2019un profil d\u00e9j\u00e0 connu pour des infractions dans les pays baltes. Le second homme, porteur de passeports russe et letton, serait n\u00e9 en Russie et son r\u00f4le aurait \u00e9t\u00e9 logistique et d&rsquo;instructeur lors de la man\u0153uvre. Arriv\u00e9 en Allemagne par Berlin, il aurait lou\u00e9 un v\u00e9hicule pour rejoindre Leipzig, puis quitt\u00e9 le pays deux jours avant l\u2019incident.<\/p>\n\n<h3 class=\"wp-block-heading\">Implications s\u00e9curitaires pour l&rsquo;espace Schengen et l\u2019Union europ\u00e9enne<\/h3>\n\n<p class=\"wp-block-paragraph\">Ce dossier met en lumi\u00e8re les d\u00e9fis persistants concernant la surveillance des fronti\u00e8res, m\u00eame au sein de l\u2019espace Schengen. La capacit\u00e9 des acteurs \u00e9trangers \u00e0 exploiter des visas touristiques et une mobilit\u00e9 relativement libre complique le travail des services de renseignement. Les interconnexions entre donn\u00e9es ADN, services secrets et bases europ\u00e9ennes ont permis un travail d\u2019identification crucial, mais la menace demeure palpable.<\/p>\n\n<p class=\"wp-block-paragraph\">Des experts en g\u00e9opolitique soulignent que cette attaque repr\u00e9sente une nouvelle forme d&rsquo;\u00ab\u00a0a\u00e9rien-terrorisme\u00a0\u00bb, combinant technologie de pointe telle que les drones explosifs et strat\u00e9gies hybrides, au c\u0153ur de la guerre de l\u2019ombre entre Berlin et Moscou. En 2026, la capacit\u00e9 \u00e0 d\u00e9tecter et neutraliser ces attaques sur les infrastructures civiles et militaires est devenue une priorit\u00e9 pour \u00e9viter une escalade incontr\u00f4l\u00e9e.<\/p>\n\n<h2 class=\"wp-block-heading\">Moscou d\u00e9ment et Berlin durcit sa politique face \u00e0 l\u2019escalade<\/h2>\n\n<p class=\"wp-block-paragraph\">Face aux accusations, Vladimir Poutine a qualifi\u00e9 les reproches allemands de \u00ab\u00a0nouvelle erreur grossi\u00e8re\u00a0\u00bb, alors que l&rsquo;Allemagne a r\u00e9pliqu\u00e9 en instituant de nouvelles sanctions cibl\u00e9es contre la Russie. Le minist\u00e8re de l\u2019Int\u00e9rieur allemand, dirig\u00e9 par Alexander Dobrindt, a explicitement exprim\u00e9 son analyse : les enqu\u00eates polici\u00e8res, les \u00e9l\u00e9ments de preuve et les renseignements convergent vers une implication russe directe, aggravant ainsi la <strong>crise politique<\/strong> dans la r\u00e9gion.<\/p>\n\n<p class=\"wp-block-paragraph\">La diplomatie russe a r\u00e9torqu\u00e9 en convoquant le charg\u00e9 d\u2019affaires allemand \u00e0 Moscou, signe d\u2019une crispation des relations bilat\u00e9rales au plus haut niveau. Ce contexte renforce l\u2019urgence d\u2019une coordination europ\u00e9enne renforc\u00e9e pour contrer des actes d\u00e9stabilisateurs consid\u00e9r\u00e9s par Berlin comme un \u00ab\u00a0terrorisme d\u2019\u00c9tat\u00a0\u00bb. Cette dynamique s&rsquo;inscrit dans une s\u00e9rie continue d\u2019\u00e9v\u00e9nements o\u00f9 l\u2019Allemagne et ses partenaires europ\u00e9ens d\u00e9noncent des op\u00e9rations de sabotage et d\u2019espionnage aliment\u00e9es par Moscou depuis le d\u00e9clenchement du conflit ukrainien en 2022.<\/p>\n\n<h3 class=\"wp-block-heading\">Les impacts pratiques pour les voyageurs et le transport a\u00e9rien<\/h3>\n\n<p class=\"wp-block-paragraph\">Le renforcement des contr\u00f4les et mesures de s\u00e9curit\u00e9 dans les a\u00e9roports europ\u00e9ens, notamment ceux jug\u00e9s sensibles comme Leipzig-Halle, a des r\u00e9percussions directes sur les passagers et les flux logistiques. La n\u00e9cessit\u00e9 d&rsquo;assurer la s\u00e9curit\u00e9 contre ce type d\u2019attaques pousse \u00e0 des protocoles plus stricts, susceptibles d\u2019allonger les d\u00e9lais et d\u2019augmenter la pression sur les infrastructures de transport a\u00e9rien.<\/p>\n\n<ul class=\"wp-block-list\"><li><strong>Renforcement des contr\u00f4les d\u2019acc\u00e8s<\/strong> dans les zones a\u00e9roportuaires sensibles.<\/li><li><strong>Surveillance accrue des courriers et cargaisons<\/strong> dans les hubs logistiques.<\/li><li><strong>Coop\u00e9ration renforc\u00e9e entre services europ\u00e9ens<\/strong> pour le partage des donn\u00e9es biom\u00e9triques et de renseignement.<\/li><li><strong>Mesures diplomatiques et sanctions \u00e9conomiques<\/strong> mises en place pour dissuader de futures attaques.<\/li><li><strong>Impact sur les compagnies a\u00e9riennes<\/strong> et les transports de fret, avec un risque accru de perturbations dans la cha\u00eene d\u2019approvisionnement.<\/li><\/ul>\n\n<p class=\"wp-block-paragraph\">Le cas allemand illustre ainsi la mont\u00e9e en tension de la <strong>guerre hybride<\/strong> entre Moscou et l\u2019Occident, o\u00f9 la g\u00e9opolitique se joue d\u00e9sormais entre saboteurs invisibles et innovations technologiques. Pour approfondir ces aspects li\u00e9s aux attaques de drones et \u00e0 la surveillance a\u00e9rienne, consulter les analyses r\u00e9centes sur <a href=\"https:\/\/www.laeroport.fr\/news\/leipzig-halle-attaques-drones\/\">les attaques par drones \u00e0 Leipzig-Halle<\/a> ou sur la <a href=\"https:\/\/www.laeroport.fr\/news\/ukraine-aeroport-leipzig-cible\/\">cible qu\u2019est l\u2019a\u00e9roport de Leipzig en lien avec le conflit Ukraine<\/a>.<\/p>\n\n","protected":false},"excerpt":{"rendered":"<p>Au c\u0153ur des tensions diplomatiques entre Berlin et Moscou, une affaire impliquant deux individus munis de passeports russes relance les inqui\u00e9tudes sur la s\u00e9curit\u00e9 europ\u00e9enne dans le contexte du conflit en Ukraine. D\u00e9but ao\u00fbt, une tentative d\u2019attentat par drone explosif \u00e0 l\u2019a\u00e9roport de Leipzig, un site strat\u00e9gique pour l\u2019arm\u00e9e allemande et l\u2019OTAN, a \u00e9t\u00e9 attribu\u00e9e [&hellip;]<\/p>\n","protected":false},"author":10,"featured_media":8526,"comment_status":"open","ping_status":"open","sticky":false,"template":"","format":"standard","meta":{"footnotes":""},"categories":[2],"tags":[],"class_list":["post-8528","post","type-post","status-publish","format-standard","has-post-thumbnail","hentry","category-actualites-aeroports"],"_links":{"self":[{"href":"https:\/\/www.laeroport.fr\/news\/wp-json\/wp\/v2\/posts\/8528","targetHints":{"allow":["GET"]}}],"collection":[{"href":"https:\/\/www.laeroport.fr\/news\/wp-json\/wp\/v2\/posts"}],"about":[{"href":"https:\/\/www.laeroport.fr\/news\/wp-json\/wp\/v2\/types\/post"}],"author":[{"embeddable":true,"href":"https:\/\/www.laeroport.fr\/news\/wp-json\/wp\/v2\/users\/10"}],"replies":[{"embeddable":true,"href":"https:\/\/www.laeroport.fr\/news\/wp-json\/wp\/v2\/comments?post=8528"}],"version-history":[{"count":0,"href":"https:\/\/www.laeroport.fr\/news\/wp-json\/wp\/v2\/posts\/8528\/revisions"}],"wp:featuredmedia":[{"embeddable":true,"href":"https:\/\/www.laeroport.fr\/news\/wp-json\/wp\/v2\/media\/8526"}],"wp:attachment":[{"href":"https:\/\/www.laeroport.fr\/news\/wp-json\/wp\/v2\/media?parent=8528"}],"wp:term":[{"taxonomy":"category","embeddable":true,"href":"https:\/\/www.laeroport.fr\/news\/wp-json\/wp\/v2\/categories?post=8528"},{"taxonomy":"post_tag","embeddable":true,"href":"https:\/\/www.laeroport.fr\/news\/wp-json\/wp\/v2\/tags?post=8528"}],"curies":[{"name":"wp","href":"https:\/\/api.w.org\/{rel}","templated":true}]}}