{"id":8525,"date":"2026-09-02T23:01:54","date_gmt":"2026-09-02T21:01:54","guid":{"rendered":"https:\/\/www.laeroport.fr\/news\/attaque-leipzig-adn-preuves\/"},"modified":"2026-09-02T23:01:54","modified_gmt":"2026-09-02T21:01:54","slug":"attaque-leipzig-adn-preuves","status":"publish","type":"post","link":"https:\/\/www.laeroport.fr\/news\/attaque-leipzig-adn-preuves\/","title":{"rendered":"Attaque \u00e0 l&rsquo;a\u00e9roport de Leipzig : ADN et bo\u00eete de conserve, les preuves qui orientent l\u2019enqu\u00eate allemande"},"content":{"rendered":"<p class=\"wp-block-paragraph\">D\u00e9but ao\u00fbt 2026, l&rsquo;a\u00e9roport de Leipzig-Halle a \u00e9t\u00e9 secou\u00e9 par une tentative d&rsquo;attentat impliquant un drone charg\u00e9 d\u2019explosifs. L&rsquo;enqu\u00eate men\u00e9e par la police criminelle allemande s\u2019oriente d\u00e9sormais vers deux hommes poss\u00e9dant des passeports russes. Les preuves mat\u00e9rielles, notamment une bo\u00eete de conserve contenant des explosifs et des traces d\u2019ADN retrouv\u00e9es sur le drone ainsi que dans son environnement imm\u00e9diat, ont permis de cibler ces suspects. Selon plusieurs m\u00e9dias allemands, l\u2019implication directe de la Russie est fortement soup\u00e7onn\u00e9e, ce qui intensifie les tensions diplomatiques.<\/p>\n\n<ul class=\"wp-block-list\"><li><strong>Deux suspects d\u2019origine russe et bi\u00e9lorusse identifi\u00e9s gr\u00e2ce \u00e0 l&rsquo;ADN<\/strong><\/li><li><strong>Les traces trouv\u00e9es sur une bo\u00eete de conserve explosive et une antenne fix\u00e9e \u00e0 un arbre<\/strong><\/li><li><strong>Entr\u00e9e en Allemagne via l\u2019espace Schengen avec visas et d\u00e9placements document\u00e9s<\/strong><\/li><li><strong>Cons\u00e9quences s\u00e9curitaires majeures pour l&rsquo;a\u00e9roport et les voyageurs<\/strong><\/li><\/ul>\n\n<h2 class=\"wp-block-heading\">Les indices cl\u00e9s qui orientent l\u2019enqu\u00eate sur l\u2019attaque \u00e0 l&rsquo;a\u00e9roport de Leipzig<\/h2>\n\n<p class=\"wp-block-paragraph\">L\u2019examen minutieux des \u00e9l\u00e9ments retrouv\u00e9s sur place a r\u00e9v\u00e9l\u00e9 des indices jusque-l\u00e0 in\u00e9dits dans ce type d\u2019attaque \u00e0 l\u2019a\u00e9roport. La police scientifique a relev\u00e9 des traces d\u2019ADN sur un drone suspect, sur une bo\u00eete de conserve contenant des explosifs ainsi que sur une antenne fix\u00e9e \u00e0 un arbre proche du site. Ces \u00e9l\u00e9ments confirment l\u2019usage d\u2019une tactique ing\u00e9nieuse, m\u00ealant mat\u00e9riel improvis\u00e9 et technologie drone, pour tenter d\u2019endommager cette plateforme a\u00e9rienne majeure.<\/p>\n\n<p class=\"wp-block-paragraph\">La base de donn\u00e9es europ\u00e9enne a permis aux enqu\u00eateurs d\u2019identifier deux individus, l\u2019un bi\u00e9lorusse titulaire d\u2019un passeport russe et l\u2019autre russe poss\u00e9dant \u00e9galement un passeport letton. L\u2019analyse des d\u00e9placements indique que ces hommes sont arriv\u00e9s en Allemagne \u00e0 la fin juillet 2026, avant de r\u00e9aliser leur op\u00e9ration d\u00e9but ao\u00fbt.<\/p>\n\n<figure class=\"wp-block-image size-full\"><img loading=\"lazy\" decoding=\"async\" width=\"1344\" height=\"768\" src=\"https:\/\/www.laeroport.fr\/news\/wp-content\/uploads\/2026\/09\/Attaque-a-laeroport-de-Leipzig-ADN-et-boite-de-conserve-les-preuves-qui-orientent-lenquete-allemande-1.png\" alt=\"enqu\u00eate allemande sur l&apos;attaque \u00e0 l&apos;a\u00e9roport de leipzig : analyses adn et d\u00e9couverte d&apos;une bo\u00eete de conserve, \u00e9l\u00e9ments cl\u00e9s pour faire avancer l&apos;investigation.\" class=\"wp-image-8524\" srcset=\"https:\/\/www.laeroport.fr\/news\/wp-content\/uploads\/2026\/09\/Attaque-a-laeroport-de-Leipzig-ADN-et-boite-de-conserve-les-preuves-qui-orientent-lenquete-allemande-1.png 1344w, https:\/\/www.laeroport.fr\/news\/wp-content\/uploads\/2026\/09\/Attaque-a-laeroport-de-Leipzig-ADN-et-boite-de-conserve-les-preuves-qui-orientent-lenquete-allemande-1-300x171.png 300w, https:\/\/www.laeroport.fr\/news\/wp-content\/uploads\/2026\/09\/Attaque-a-laeroport-de-Leipzig-ADN-et-boite-de-conserve-les-preuves-qui-orientent-lenquete-allemande-1-1024x585.png 1024w, https:\/\/www.laeroport.fr\/news\/wp-content\/uploads\/2026\/09\/Attaque-a-laeroport-de-Leipzig-ADN-et-boite-de-conserve-les-preuves-qui-orientent-lenquete-allemande-1-768x439.png 768w\" sizes=\"auto, (max-width: 1344px) 100vw, 1344px\" \/><\/figure>\n\n<h3 class=\"wp-block-heading\">Un contexte europ\u00e9en sous haute tension s\u00e9curitaire<\/h3>\n\n<p class=\"wp-block-paragraph\">Cette attaque met en lumi\u00e8re la vuln\u00e9rabilit\u00e9 accrue des a\u00e9roports europ\u00e9ens face aux actions hybrides et aux menaces technologiques. En 2026, les services de s\u00e9curit\u00e9 allemands ont renforc\u00e9 leurs dispositifs apr\u00e8s plusieurs incidents similaires signal\u00e9s \u00e0 travers le continent, notamment des attaques par drones document\u00e9es \u00e0 Leipzig-Halle et dans d\u2019autres infrastructures sensibles.<\/p>\n\n<p class=\"wp-block-paragraph\">Cet \u00e9pisode rappelle \u00e9galement la complexit\u00e9 de la criminalit\u00e9 li\u00e9e au terrorisme technologique, o\u00f9 les preuves, telles que de simples traces ADN ou des objets du quotidien d\u00e9tourn\u00e9s \u00e0 des fins violentes, jouent un r\u00f4le crucial dans la traque des auteurs. La prudence reste de mise quant \u00e0 l\u2019attribution officielle de la responsabilit\u00e9, m\u00eame si Berlin accuse formellement Moscou, ce qui a conduit \u00e0 la fermeture de plusieurs repr\u00e9sentations diplomatiques russes en Allemagne.<\/p>\n\n<h2 class=\"wp-block-heading\">Cons\u00e9quences pour la s\u00e9curit\u00e9 et les voyageurs \u00e0 Leipzig<\/h2>\n\n<p class=\"wp-block-paragraph\">\u00c0 la suite de cette attaque d\u00e9jou\u00e9e, l&rsquo;a\u00e9roport de Leipzig-Halle a vu ses mesures de s\u00e9curit\u00e9 renforc\u00e9es, impactant la fluidit\u00e9 des d\u00e9placements des passagers. Le personnel a \u00e9t\u00e9 form\u00e9 \u00e0 d\u00e9tecter et contrer l\u2019utilisation de drones espions ou potentiellement explosifs, tandis que les contr\u00f4les aux acc\u00e8s ext\u00e9rieurs ont \u00e9t\u00e9 consid\u00e9rablement intensifi\u00e9s.<\/p>\n\n<p class=\"wp-block-paragraph\">Ces \u00e9volutions s\u2019inscrivent dans un contexte plus large o\u00f9 la menace drone devient une pr\u00e9occupation majeure pour les plateformes a\u00e9riennes civiles. Les compagnies a\u00e9riennes et gestionnaires d\u2019a\u00e9roports adaptent leurs protocoles pour pr\u00e9server la s\u00e9curit\u00e9 des voyageurs et limiter le risque d\u2019incidents pouvant perturber le trafic a\u00e9rien.<\/p>\n\n<h3 class=\"wp-block-heading\">Les le\u00e7ons tir\u00e9es et les perspectives pour la s\u00e9curit\u00e9 a\u00e9rienne<\/h3>\n\n<p class=\"wp-block-paragraph\">Cette affaire illustre la n\u00e9cessit\u00e9 pour les autorit\u00e9s europ\u00e9ennes de renforcer leur coop\u00e9ration et leurs \u00e9changes de renseignements face aux attaques hybrides. L\u2019identification rapide des suspects gr\u00e2ce \u00e0 l\u2019ADN constitue une avanc\u00e9e notable dans la lutte contre ce type de criminalit\u00e9 organis\u00e9e. De plus, la d\u00e9couverte d\u2019une bo\u00eete de conserve utilis\u00e9e comme contenant d\u2019explosifs souligne l\u2019usage de moyens improvis\u00e9s mais efficaces par les auteurs.<\/p>\n\n<p class=\"wp-block-paragraph\">Il para\u00eet d\u00e9sormais crucial que les infrastructures a\u00e9riennes int\u00e8grent non seulement des technologies de d\u00e9tection anti-drones, mais aussi un suivi biom\u00e9trique am\u00e9lior\u00e9 pour mieux appr\u00e9hender les menaces potentielles. Cet incident met \u00e9galement en lumi\u00e8re l\u2019importance d\u2019une vigilance constante afin de prot\u00e9ger la s\u00e9curit\u00e9 des voyageurs et les biens strat\u00e9giques.<\/p>\n\n<h2 class=\"wp-block-heading\">Un r\u00e9seau sous surveillance renforc\u00e9e pour pr\u00e9venir de futures attaques<\/h2>\n\n<p class=\"wp-block-paragraph\">Les enqu\u00eates en cours continuent d\u2019explorer les ramifications de ce r\u00e9seau et de possibles liens avec des agences gouvernementales \u00e9trang\u00e8res. La collaboration entre les services de renseignement allemands, europ\u00e9ens et internationaux est essentielle pour d\u00e9manteler ces groupes impliqu\u00e9s dans des actes terroristes qui visent \u00e0 d\u00e9stabiliser les infrastructures critiques.<\/p>\n\n<p class=\"wp-block-paragraph\">Par ailleurs, cet \u00e9pisode rappelle \u00e0 la communaut\u00e9 internationale la n\u00e9cessit\u00e9 d\u2019une vigilance accrue face aux diverses formes d\u2019attaques contre les a\u00e9roports, comme celles observ\u00e9es r\u00e9cemment dans d\u2019autres r\u00e9gions, dont les attaques <a href=\"https:\/\/www.laeroport.fr\/news\/leipzig-halle-attaques-drones\/\">par drones \u00e0 Leipzig-Halle<\/a> ou les incidents similaires signal\u00e9s dans des zones \u00e0 haut risque.<\/p>\n\n","protected":false},"excerpt":{"rendered":"<p>D\u00e9but ao\u00fbt 2026, l&rsquo;a\u00e9roport de Leipzig-Halle a \u00e9t\u00e9 secou\u00e9 par une tentative d&rsquo;attentat impliquant un drone charg\u00e9 d\u2019explosifs. L&rsquo;enqu\u00eate men\u00e9e par la police criminelle allemande s\u2019oriente d\u00e9sormais vers deux hommes poss\u00e9dant des passeports russes. Les preuves mat\u00e9rielles, notamment une bo\u00eete de conserve contenant des explosifs et des traces d\u2019ADN retrouv\u00e9es sur le drone ainsi que [&hellip;]<\/p>\n","protected":false},"author":10,"featured_media":8523,"comment_status":"open","ping_status":"open","sticky":false,"template":"","format":"standard","meta":{"footnotes":""},"categories":[2],"tags":[],"class_list":["post-8525","post","type-post","status-publish","format-standard","has-post-thumbnail","hentry","category-actualites-aeroports"],"_links":{"self":[{"href":"https:\/\/www.laeroport.fr\/news\/wp-json\/wp\/v2\/posts\/8525","targetHints":{"allow":["GET"]}}],"collection":[{"href":"https:\/\/www.laeroport.fr\/news\/wp-json\/wp\/v2\/posts"}],"about":[{"href":"https:\/\/www.laeroport.fr\/news\/wp-json\/wp\/v2\/types\/post"}],"author":[{"embeddable":true,"href":"https:\/\/www.laeroport.fr\/news\/wp-json\/wp\/v2\/users\/10"}],"replies":[{"embeddable":true,"href":"https:\/\/www.laeroport.fr\/news\/wp-json\/wp\/v2\/comments?post=8525"}],"version-history":[{"count":0,"href":"https:\/\/www.laeroport.fr\/news\/wp-json\/wp\/v2\/posts\/8525\/revisions"}],"wp:featuredmedia":[{"embeddable":true,"href":"https:\/\/www.laeroport.fr\/news\/wp-json\/wp\/v2\/media\/8523"}],"wp:attachment":[{"href":"https:\/\/www.laeroport.fr\/news\/wp-json\/wp\/v2\/media?parent=8525"}],"wp:term":[{"taxonomy":"category","embeddable":true,"href":"https:\/\/www.laeroport.fr\/news\/wp-json\/wp\/v2\/categories?post=8525"},{"taxonomy":"post_tag","embeddable":true,"href":"https:\/\/www.laeroport.fr\/news\/wp-json\/wp\/v2\/tags?post=8525"}],"curies":[{"name":"wp","href":"https:\/\/api.w.org\/{rel}","templated":true}]}}