{"id":8513,"date":"2026-09-01T09:02:23","date_gmt":"2026-09-01T07:02:23","guid":{"rendered":"https:\/\/www.laeroport.fr\/news\/titi-boss-pied-aeroport\/"},"modified":"2026-09-01T09:02:23","modified_gmt":"2026-09-01T07:02:23","slug":"titi-boss-pied-aeroport","status":"publish","type":"post","link":"https:\/\/www.laeroport.fr\/news\/titi-boss-pied-aeroport\/","title":{"rendered":"Titi, le Boss : \u00ab Pas un pied \u00e0 l&rsquo;a\u00e9roport pendant tout l&rsquo;\u00e9t\u00e9 \u00bb"},"content":{"rendered":"<p class=\"wp-block-paragraph\"><strong>Un \u00e9t\u00e9 sans effervescence \u00e0 Marignane<\/strong> : Thierry Mode, plus connu sous le pseudonyme \u00ab Titi le Boss \u00bb, figure embl\u00e9matique des supporters de l\u2019Olympique de Marseille, vit ce mercato d\u2019\u00e9t\u00e9 2026 particuli\u00e8rement calme. En effet, pour la premi\u00e8re fois depuis des ann\u00e9es, aucun joueur n\u2019est arriv\u00e9 \u00e0 l&rsquo;a\u00e9roport de Marignane, contraignant Titi \u00e0 \u00e9loigner ses pas des terminaux habituels o\u00f9 il accueille habituellement les nouvelles recrues. Ce ph\u00e9nom\u00e8ne in\u00e9dit intervient dans un contexte sportif tendu, marqu\u00e9 par des restrictions impos\u00e9es au club phoc\u00e9en et une mobilit\u00e9 entrav\u00e9e dans un univers o\u00f9 les relations entre club, joueurs et supporters sont mises \u00e0 rude \u00e9preuve.<\/p>\n\n<p class=\"wp-block-paragraph\"><strong>En bref :<\/strong><\/p>\n\n<ul class=\"wp-block-list\"><li><strong>Aucune recrue<\/strong> n\u2019est arriv\u00e9e \u00e0 l&rsquo;a\u00e9roport de Marignane cet \u00e9t\u00e9 2026, une premi\u00e8re depuis plusieurs ann\u00e9es.<\/li><li>Le club subit <strong>des sanctions restrictives<\/strong>\n  <\/li><li>Beaucoup de <strong>d\u00e9parts majeurs<\/strong> de joueurs, notamment Leonardo Balerdi transf\u00e9r\u00e9 \u00e0 la Roma.<\/li><li>Les supporters, dont Titi le Boss, ressentent une <strong>frustration croissante<\/strong> face \u00e0 cette situation.<\/li><li>Le futur de l\u2019effectif, avec des joueurs comme Igor Paix\u00e3o et Timothy Weah, reste <strong>incertain<\/strong>.<\/li><\/ul>\n\n<h2 class=\"wp-block-heading\">L\u2019absence de recrutements \u00e0 Marignane et ses cons\u00e9quences<\/h2>\n\n<p class=\"wp-block-paragraph\">Quand on pense \u00e0 l\u2019a\u00e9roport de Marignane en \u00e9t\u00e9, on imagine habituellement un ballet incessant de supporters pr\u00eats \u00e0 accueillir les nouvelles recrues de l\u2019OM. Pourtant, cette ann\u00e9e, aucune arriv\u00e9e n\u2019a \u00e9t\u00e9 enregistr\u00e9e, un effet direct des sanctions impos\u00e9es au club, limitant drastiquement sa <strong>mobilit\u00e9<\/strong> et sa capacit\u00e9 \u00e0 renforcer l\u2019\u00e9quipe. Christophe, charg\u00e9 de la communication au club, \u00e9voque ces restrictions : \u00ab\u202fCes sanctions impliquent un contr\u00f4le accru des mouvements et une impossibilit\u00e9 quasi-totale de faire des achats significatifs cet \u00e9t\u00e9. \u00bb<\/p>\n\n<p class=\"wp-block-paragraph\">Titi, figure incontournable de ces moments, avoue sa frustration : \u00ab\u202fOn avait l\u2019habitude d\u2019avoir entre 10 et 15 arriv\u00e9es \u00e0 chaque mercato, alors ne pas mettre un pied \u00e0 l\u2019a\u00e9roport est d\u00e9stabilisant. Cette restriction met un frein \u00e0 nos espoirs. \u00bb Ce silence est d\u2019autant plus pesant qu\u2019il s\u2019accompagne d\u2019une vague de d\u00e9parts, notamment celui embl\u00e9matique de Leonardo Balerdi \u00e0 la Roma.<\/p>\n\n<figure class=\"wp-block-image size-full\"><img loading=\"lazy\" decoding=\"async\" width=\"1344\" height=\"768\" src=\"https:\/\/www.laeroport.fr\/news\/wp-content\/uploads\/2026\/09\/Titi-le-Boss-Pas-un-pied-a-laeroport-pendant-tout-lete-1-1.png\" alt=\"d\u00e9couvrez les confidences de titi, le boss, qui annonce qu&apos;il ne mettra pas un pied \u00e0 l&apos;a\u00e9roport pendant tout l&apos;\u00e9t\u00e9. un \u00e9t\u00e9 hors des sentiers battus \u00e0 ne pas manquer !\" class=\"wp-image-8512\" srcset=\"https:\/\/www.laeroport.fr\/news\/wp-content\/uploads\/2026\/09\/Titi-le-Boss-Pas-un-pied-a-laeroport-pendant-tout-lete-1-1.png 1344w, https:\/\/www.laeroport.fr\/news\/wp-content\/uploads\/2026\/09\/Titi-le-Boss-Pas-un-pied-a-laeroport-pendant-tout-lete-1-1-300x171.png 300w, https:\/\/www.laeroport.fr\/news\/wp-content\/uploads\/2026\/09\/Titi-le-Boss-Pas-un-pied-a-laeroport-pendant-tout-lete-1-1-1024x585.png 1024w, https:\/\/www.laeroport.fr\/news\/wp-content\/uploads\/2026\/09\/Titi-le-Boss-Pas-un-pied-a-laeroport-pendant-tout-lete-1-1-768x439.png 768w\" sizes=\"auto, (max-width: 1344px) 100vw, 1344px\" \/><\/figure>\n\n<h3 class=\"wp-block-heading\">Une situation anxiog\u00e8ne pour les supporters et le club<\/h3>\n\n<p class=\"wp-block-paragraph\">La situation actuelle provoque un r\u00e9el d\u00e9sarroi chez les supporters. L&rsquo;absence d&rsquo;<strong>accueils chaleureux<\/strong> des nouvelles stars fragilise l&rsquo;identit\u00e9 du club et la <strong>motivation collective<\/strong>. Tout cela se joue dans un contexte o\u00f9 les mesures de contr\u00f4le autour des voyages sportifs s&rsquo;intensifient, ainsi que les interrogations sur le futur du capital et des orientations du club. Thierry Mode confie : \u00ab\u202fOn va probablement traverser deux ou trois saisons compliqu\u00e9es, peut-\u00eatre m\u00eame faire face \u00e0 de nouveaux d\u00e9parts massifs. \u00bb<\/p>\n\n<p class=\"wp-block-paragraph\">Cette crise intervient aussi dans un cadre plus large, ayant pouss\u00e9 d&rsquo;autres a\u00e9roports fran\u00e7ais \u00e0 renforcer leurs contr\u00f4les contre diff\u00e9rents risques sanitaires. Ainsi, les cas r\u00e9cents de <a href=\"https:\/\/www.laeroport.fr\/news\/paludisme-roissy-cas\/\">paludisme \u00e0 l&rsquo;a\u00e9roport de Roissy<\/a> ou les incidents li\u00e9s aux <a href=\"https:\/\/www.laeroport.fr\/news\/bagage-suspect-rennes\/\">bagages suspects \u00e0 Rennes<\/a> d\u00e9montrent l\u2019ambiance tendue et les contraintes grandissantes que rencontrent les voyageurs professionnels et sportifs.<\/p>\n\n<h2 class=\"wp-block-heading\">Les d\u00e9parts plus nombreux que les arriv\u00e9es : une \u00e9nigme pour l\u2019avenir<\/h2>\n\n<p class=\"wp-block-paragraph\">\u00c0 Marignane, l\u2019\u00e9t\u00e9 2026 aura davantage \u00e9t\u00e9 marqu\u00e9 par les d\u00e9parts que par les arriv\u00e9es. Leonardo Balerdi, longtemps pilier de la d\u00e9fense, a rejoint la Roma. Les \u00e9changes avec lui avant son d\u00e9part t\u00e9moignent d\u2019un joueur bless\u00e9 par les sifflets et la pression subie lors de son dernier match : \u00ab\u202fIl ne m\u00e9ritait pas cet acharnement\u202f\u00bb, rappelle Titi. Une posture rare, qui illustre bien les difficult\u00e9s rencontr\u00e9es par certains joueurs dans un environnement en pleine mutation.<\/p>\n\n<p class=\"wp-block-paragraph\">Parmi les joueurs encore en balance figure Igor Paix\u00e3o, un \u00e9l\u00e9ment offensif crucial dont le d\u00e9part \u00e9ventuel semerait un trouble suppl\u00e9mentaire dans la dynamique de l\u2019\u00e9quipe. Le constat est clair : <strong>la restriction autour des arriv\u00e9es complique consid\u00e9rablement la comp\u00e9titivit\u00e9 de l\u2019OM<\/strong>, d\u2019autant qu\u2019elle co\u00efncide avec la possibilit\u00e9 d\u2019autres d\u00e9parts impactant l\u2019effectif.<\/p>\n\n<h3 class=\"wp-block-heading\">Un mercato d\u2019\u00e9t\u00e9 2026 sans mouvement : un fait in\u00e9dit<\/h3>\n\n<p class=\"wp-block-paragraph\">Dans un monde du football o\u00f9 la dimension <strong>voyage<\/strong> et <strong>mobilit\u00e9<\/strong> est fondamentale, cette situation provoque une interruption brutale des habitudes. Titi ne s\u2019est pas d\u00e9plac\u00e9 cet \u00e9t\u00e9 \u00e0 Marignane, une premi\u00e8re dans son r\u00f4le de fervent supporter et \u00ab barom\u00e8tre \u00bb du mercato olympien. Il souligne aussi l&rsquo;absence d&rsquo;interaction avec les nouvelles recrues comme Elye Wahi, d\u00e9sormais sous les projecteurs \u00e0 Nice, preuve d\u2019une ambiance plus morose c\u00f4t\u00e9 marseillais.<\/p>\n\n<p class=\"wp-block-paragraph\">Une telle <strong>restriction<\/strong> a aussi un impact sur la communication autour du club, avec moins d\u2019engagement sur les r\u00e9seaux sociaux, situation exacerb\u00e9e par le piratage r\u00e9cent du compte officiel de Titi, qui a compliqu\u00e9 l\u2019\u00e9change avec plus de 114 000 abonn\u00e9s.<\/p>\n\n<h2 class=\"wp-block-heading\">Les espoirs pour la fin du mercato et l\u2019avenir proche<\/h2>\n\n<p class=\"wp-block-paragraph\">Malgr\u00e9 la morosit\u00e9 actuelle, les supporters et l\u2019encadrement souhaitent que la situation se stabilise. La priorit\u00e9 est claire pour Titi : \u00ab\u202fQu\u2019il n\u2019y ait aucun d\u00e9part dans les prochaines semaines afin de donner une chance \u00e0 Genesio de b\u00e2tir un collectif comp\u00e9titif.\u202f\u00bb Conserver l\u2019effectif actuel serait un premier pas vers un top 6 au championnat, une performance encore envisageable si la mobilit\u00e9 des joueurs n\u2019est pas davantage restreinte.<\/p>\n\n<p class=\"wp-block-paragraph\">Sous haute surveillance, le mercato hivernal de janvier s\u2019annonce \u00e9galement crucial pour mesurer la capacit\u00e9 du club \u00e0 inverser la tendance, notamment en mati\u00e8re de recrutements. L\u2019acc\u00e8s \u00e0 l\u2019a\u00e9roport de Marignane, symbole fort de ce lien entre joueurs et supporters, pourrait alors retrouver un peu de son animation d\u2019antan, mise \u00e0 mal par cette interdiction estivale. L\u2019avenir de la coh\u00e9sion autour du club en d\u00e9pend, \u00e0 une \u00e9poque o\u00f9 chaque nouveau voyage ou d\u00e9placement est soumis \u00e0 des contr\u00f4les toujours plus rigoureux, dans un contexte sportif et sanitaire mondial encore tr\u00e8s sensible.<\/p>\n\n<ul class=\"wp-block-list\"><li><strong>Aucun joueur<\/strong> n\u2019est arriv\u00e9 cet \u00e9t\u00e9 \u00e0 Marignane, affectant la dynamique sportive.<\/li><li>Les <strong>d\u00e9cisions restrictives<\/strong> autour du club Limite les d\u00e9placements et renforcent les contr\u00f4les.<\/li><li>Les d\u00e9parts, comme celui de Leonardo Balerdi, fragilisent l\u2019effectif.<\/li><li>Le <strong>r\u00f4le des supporters<\/strong> et leur proximit\u00e9 avec joueurs et club est mis \u00e0 l\u2019\u00e9preuve.<\/li><li>L\u2019incertitude plane sur le futur de l\u2019OM, tant au niveau des joueurs que de l\u2019encadrement.<\/li><\/ul>\n\n","protected":false},"excerpt":{"rendered":"<p>Un \u00e9t\u00e9 sans effervescence \u00e0 Marignane : Thierry Mode, plus connu sous le pseudonyme \u00ab Titi le Boss \u00bb, figure embl\u00e9matique des supporters de l\u2019Olympique de Marseille, vit ce mercato d\u2019\u00e9t\u00e9 2026 particuli\u00e8rement calme. En effet, pour la premi\u00e8re fois depuis des ann\u00e9es, aucun joueur n\u2019est arriv\u00e9 \u00e0 l&rsquo;a\u00e9roport de Marignane, contraignant Titi \u00e0 \u00e9loigner [&hellip;]<\/p>\n","protected":false},"author":10,"featured_media":8511,"comment_status":"open","ping_status":"open","sticky":false,"template":"","format":"standard","meta":{"footnotes":""},"categories":[3],"tags":[],"class_list":["post-8513","post","type-post","status-publish","format-standard","has-post-thumbnail","hentry","category-infos-aeroports"],"_links":{"self":[{"href":"https:\/\/www.laeroport.fr\/news\/wp-json\/wp\/v2\/posts\/8513","targetHints":{"allow":["GET"]}}],"collection":[{"href":"https:\/\/www.laeroport.fr\/news\/wp-json\/wp\/v2\/posts"}],"about":[{"href":"https:\/\/www.laeroport.fr\/news\/wp-json\/wp\/v2\/types\/post"}],"author":[{"embeddable":true,"href":"https:\/\/www.laeroport.fr\/news\/wp-json\/wp\/v2\/users\/10"}],"replies":[{"embeddable":true,"href":"https:\/\/www.laeroport.fr\/news\/wp-json\/wp\/v2\/comments?post=8513"}],"version-history":[{"count":0,"href":"https:\/\/www.laeroport.fr\/news\/wp-json\/wp\/v2\/posts\/8513\/revisions"}],"wp:featuredmedia":[{"embeddable":true,"href":"https:\/\/www.laeroport.fr\/news\/wp-json\/wp\/v2\/media\/8511"}],"wp:attachment":[{"href":"https:\/\/www.laeroport.fr\/news\/wp-json\/wp\/v2\/media?parent=8513"}],"wp:term":[{"taxonomy":"category","embeddable":true,"href":"https:\/\/www.laeroport.fr\/news\/wp-json\/wp\/v2\/categories?post=8513"},{"taxonomy":"post_tag","embeddable":true,"href":"https:\/\/www.laeroport.fr\/news\/wp-json\/wp\/v2\/tags?post=8513"}],"curies":[{"name":"wp","href":"https:\/\/api.w.org\/{rel}","templated":true}]}}