{"id":8501,"date":"2026-08-30T23:01:00","date_gmt":"2026-08-30T21:01:00","guid":{"rendered":"https:\/\/www.laeroport.fr\/news\/explosions-tirs-niamey-junte\/"},"modified":"2026-08-30T23:01:00","modified_gmt":"2026-08-30T21:01:00","slug":"explosions-tirs-niamey-junte","status":"publish","type":"post","link":"https:\/\/www.laeroport.fr\/news\/explosions-tirs-niamey-junte\/","title":{"rendered":"Niger : Violentes explosions et tirs \u00e0 Niamey, la junte affirme reprendre le contr\u00f4le de la situation"},"content":{"rendered":"<p class=\"wp-block-paragraph\">Des violentes explosions et des tirs nourris ont secou\u00e9 la capitale nig\u00e9rienne Niamey dans la nuit de vendredi \u00e0 samedi, plongeant la ville dans une atmosph\u00e8re de crise et d\u2019instabilit\u00e9. Au c\u0153ur des affrontements, la base 101 de l&rsquo;a\u00e9roport international Diori Hamani est devenue un point n\u00e9vralgique, th\u00e9\u00e2tre d\u2019\u00e9changes violents entre des soldats mutins et la garde pr\u00e9sidentielle. Malgr\u00e9 ces violences, la junte militaire au pouvoir a annonc\u00e9 reprendre progressivement le contr\u00f4le de la situation, appelant \u00e0 la calme et \u00e0 la continuit\u00e9 des activit\u00e9s dans la capitale.<\/p>\n\n<ul class=\"wp-block-list\"><li><strong>Lieu principal des affrontements :<\/strong> base 101 de l&rsquo;a\u00e9roport international de Niamey et abords du palais pr\u00e9sidentiel.<\/li><li><strong>Dur\u00e9e des combats :<\/strong> plus de 13 heures d\u2019\u00e9changes de tirs entre mutins et forces fid\u00e8les \u00e0 la junte.<\/li><li><strong>Contexte s\u00e9curitaire :<\/strong> l\u2019a\u00e9roport de Niamey, d\u00e9j\u00e0 cibl\u00e9 \u00e0 deux reprises en 2026 par des groupes djihadistes, est sous haute tension.<\/li><li><strong>Impact sur les vols :<\/strong> des d\u00e9g\u00e2ts s\u00e9rieux \u00e0 la base affectent l\u2019atterrissage et le d\u00e9collage des avions.<\/li><li><strong>R\u00e9action officielle :<\/strong> la junte d\u00e9ment une tentative de putsch, qualifiant l\u2019\u00e9v\u00e9nement de mouvement d\u2019humeur militaire.<\/li><\/ul>\n\n<h2 class=\"wp-block-heading\">Violentes explosions et \u00e9changes de tirs \u00e0 Niamey : un chaos concentr\u00e9 autour de la base 101<\/h2>\n\n<p class=\"wp-block-paragraph\">Le vendredi 28 ao\u00fbt, peu apr\u00e8s minuit, des tirs lourds ont retenti sur plusieurs quartiers de Niamey, particuli\u00e8rement autour de l\u2019a\u00e9roport international Diori Hamani et de la base 101, un site militaire strat\u00e9gique contr\u00f4lant les moyens a\u00e9riens, dont des drones et a\u00e9ronefs. Cette base abrite \u00e9galement le quartier g\u00e9n\u00e9ral du corps russe Africa Corps ainsi que l\u2019\u00e9tat-major de la force unifi\u00e9e de l\u2019Alliance des \u00c9tats du Sahel, regroupant le Niger, le Burkina Faso et le Mali.<\/p>\n\n<p class=\"wp-block-paragraph\">Selon des riverains et journalistes locaux, les \u00e9changes de tirs se sont poursuivis jusqu\u2019\u00e0 l\u2019aube avec des d\u00e9tonations sporadiques dans l\u2019ouest de la capitale vers le quartier Koira Kano. La garde pr\u00e9sidentielle et les soldats mutins se sont affront\u00e9s violemment, notamment lorsque la garde a tent\u00e9 de d\u00e9truire le grand portail d\u2019entr\u00e9e de la base pour reprendre le contr\u00f4le. Cette op\u00e9ration a d\u00e9clench\u00e9 une riposte intense, prolong\u00e9e pendant plus de treize heures.<\/p>\n\n<h3 class=\"wp-block-heading\">Manifestations des soldats mutins et communication parall\u00e8le<\/h3>\n\n<p class=\"wp-block-paragraph\">Vers la mi-journ\u00e9e, les pr\u00e9sum\u00e9s mutins, retranch\u00e9s dans la base 101, ont relay\u00e9 un message audio anonyme sur les r\u00e9seaux sociaux, affirmant la dissolution des institutions nig\u00e9riennes. Cette initiative a \u00e9t\u00e9 rapidement contest\u00e9e par la junte militaire, qui dans un communiqu\u00e9 est rest\u00e9e ferme en assurant un r\u00e9tablissement progressif du contr\u00f4le sur la capitale. Cette d\u00e9stabilisation est per\u00e7ue comme un m\u00e9contentement interne chez des militaires en rupture avec leur hi\u00e9rarchie, plut\u00f4t qu\u2019un putsch au sens strict.<\/p>\n\n<p class=\"wp-block-paragraph\">Les autorit\u00e9s ont \u00e9galement appel\u00e9 la population \u00e0 la vigilance sans c\u00e9der \u00e0 la panique, invitant les habitants \u00e0 poursuivre leurs activit\u00e9s quotidiennes malgr\u00e9 les blocages, notamment sur la route RN1, essentielle pour quitter Niamey.<\/p>\n\n<h2 class=\"wp-block-heading\">Cons\u00e9quences sur la s\u00e9curit\u00e9 a\u00e9rienne et la circulation urbaine<\/h2>\n\n<p class=\"wp-block-paragraph\">Outre les violences au sol, les incidents ont fortement perturb\u00e9 les op\u00e9rations \u00e0 l\u2019a\u00e9roport international de Niamey. L\u2019acc\u00e8s restreint \u00e0 la base 101 et les d\u00e9g\u00e2ts caus\u00e9s ont emp\u00each\u00e9 les atterrissages et les d\u00e9collages, compliquant la mobilit\u00e9 a\u00e9rienne. Cet a\u00e9roport, cible d\u00e9j\u00e0 de deux attaques djihadistes en janvier et juin 2026, dont la derni\u00e8re avait fait 13 victimes, reste un lieu sensible dans le contexte s\u00e9curitaire r\u00e9gional.<\/p>\n\n<p class=\"wp-block-paragraph\">Les autorit\u00e9s nig\u00e9riennes excluent que les combats soient li\u00e9s \u00e0 une attaque terroriste, mais rappellent une obligation constante de vigilance. Pour mieux comprendre les enjeux r\u00e9cents des infrastructures a\u00e9roportuaires dans les zones de conflit, on peut consulter notamment les dommages caus\u00e9s par des frappes dans d\u2019autres a\u00e9roports sensibles sur <a href=\"https:\/\/www.laeroport.fr\/news\/frappes-russes-degats-infrastructures\/\">ce reportage sur les frappes russes<\/a>.<\/p>\n\n<h3 class=\"wp-block-heading\">Blocages et mesures urbaines dans Niamey<\/h3>\n\n<p class=\"wp-block-paragraph\">Les tirs aux abords du palais pr\u00e9sidentiel ont aussi paralys\u00e9 une grande partie du quartier administratif. Le d\u00e9ploiement de v\u00e9hicules blind\u00e9s et la fermeture des trois ponts principaux t\u00e9moignent de la gravit\u00e9 de la situation. Des \u00e9changes de tirs sporadiques ont \u00e9t\u00e9 confirm\u00e9s sur plusieurs m\u00e9dias, tandis que la t\u00e9l\u00e9vision nationale a \u00e9t\u00e9 interrompue temporairement, signalant une volont\u00e9 des autorit\u00e9s de contr\u00f4ler l\u2019information.<\/p>\n\n<h2 class=\"wp-block-heading\">Une instabilit\u00e9 persistante malgr\u00e9 les appels au calme<\/h2>\n\n<p class=\"wp-block-paragraph\">La junte dirig\u00e9e par le g\u00e9n\u00e9ral Abdourahamane Tiani, au pouvoir depuis le coup d\u2019\u00c9tat de juillet 2023, souligne que la s\u00e9curit\u00e9 reste ma\u00eetris\u00e9e. Elle insiste sur la mobilisation des forces de d\u00e9fense pour prot\u00e9ger la nation, tout en niant la nature d\u2019un coup d\u2019\u00c9tat mais parlant d\u2019un acte isol\u00e9.<\/p>\n\n<p class=\"wp-block-paragraph\">Cette crise survient dans un contexte r\u00e9gional marqu\u00e9 par des tensions constantes, o\u00f9 les infrastructures a\u00e9roportuaires font souvent l\u2019objet d\u2019attaques cibl\u00e9es, comme l&rsquo;illustre notamment la r\u00e9cente <a href=\"https:\/\/www.laeroport.fr\/news\/video-un-drone-frappe-laeroport-de-nakhitchevan-en-azerbaidjan-revelant-lintensite-du-conflit\/\">attaque par drone \u00e0 l&rsquo;a\u00e9roport de Nakhitchevan<\/a>.<\/p>\n\n","protected":false},"excerpt":{"rendered":"<p>Des violentes explosions et des tirs nourris ont secou\u00e9 la capitale nig\u00e9rienne Niamey dans la nuit de vendredi \u00e0 samedi, plongeant la ville dans une atmosph\u00e8re de crise et d\u2019instabilit\u00e9. Au c\u0153ur des affrontements, la base 101 de l&rsquo;a\u00e9roport international Diori Hamani est devenue un point n\u00e9vralgique, th\u00e9\u00e2tre d\u2019\u00e9changes violents entre des soldats mutins et [&hellip;]<\/p>\n","protected":false},"author":10,"featured_media":8500,"comment_status":"open","ping_status":"open","sticky":false,"template":"","format":"standard","meta":{"footnotes":""},"categories":[2],"tags":[],"class_list":["post-8501","post","type-post","status-publish","format-standard","has-post-thumbnail","hentry","category-actualites-aeroports"],"_links":{"self":[{"href":"https:\/\/www.laeroport.fr\/news\/wp-json\/wp\/v2\/posts\/8501","targetHints":{"allow":["GET"]}}],"collection":[{"href":"https:\/\/www.laeroport.fr\/news\/wp-json\/wp\/v2\/posts"}],"about":[{"href":"https:\/\/www.laeroport.fr\/news\/wp-json\/wp\/v2\/types\/post"}],"author":[{"embeddable":true,"href":"https:\/\/www.laeroport.fr\/news\/wp-json\/wp\/v2\/users\/10"}],"replies":[{"embeddable":true,"href":"https:\/\/www.laeroport.fr\/news\/wp-json\/wp\/v2\/comments?post=8501"}],"version-history":[{"count":0,"href":"https:\/\/www.laeroport.fr\/news\/wp-json\/wp\/v2\/posts\/8501\/revisions"}],"wp:featuredmedia":[{"embeddable":true,"href":"https:\/\/www.laeroport.fr\/news\/wp-json\/wp\/v2\/media\/8500"}],"wp:attachment":[{"href":"https:\/\/www.laeroport.fr\/news\/wp-json\/wp\/v2\/media?parent=8501"}],"wp:term":[{"taxonomy":"category","embeddable":true,"href":"https:\/\/www.laeroport.fr\/news\/wp-json\/wp\/v2\/categories?post=8501"},{"taxonomy":"post_tag","embeddable":true,"href":"https:\/\/www.laeroport.fr\/news\/wp-json\/wp\/v2\/tags?post=8501"}],"curies":[{"name":"wp","href":"https:\/\/api.w.org\/{rel}","templated":true}]}}