{"id":8497,"date":"2026-08-30T09:01:42","date_gmt":"2026-08-30T07:01:42","guid":{"rendered":"https:\/\/www.laeroport.fr\/news\/niger-regime-militaire-pouvoir\/"},"modified":"2026-08-30T09:01:42","modified_gmt":"2026-08-30T07:01:42","slug":"niger-regime-militaire-pouvoir","status":"publish","type":"post","link":"https:\/\/www.laeroport.fr\/news\/niger-regime-militaire-pouvoir\/","title":{"rendered":"Niger : le r\u00e9gime militaire proclame la reconqu\u00eate du pouvoir tandis que les mutins restent retranch\u00e9s \u00e0 la base a\u00e9rienne"},"content":{"rendered":"<p class=\"wp-block-paragraph\"><strong>En bref :<\/strong><\/p>\n\n<ul class=\"wp-block-list\"><li><strong>Le r\u00e9gime militaire dirig\u00e9 par le g\u00e9n\u00e9ral Abdourahamane Tiani affirme reprendre progressivement le contr\u00f4le de Niamey<\/strong> apr\u00e8s des \u00e9changes de tirs avec des mutins.<\/li><li><strong>Les mutins restent retranch\u00e9s \u00e0 la base a\u00e9rienne 101 proche de l\u2019a\u00e9roport international<\/strong>, site sensible abritant des partenaires russes.<\/li><li><strong>Les violences r\u00e9currentes alimentent l\u2019instabilit\u00e9 au Niger depuis le putsch de juillet 2023<\/strong>, dans un contexte de crise politique et d\u2019\u00e9loignement vis-\u00e0-vis de la France.<\/li><li><strong>Un appel \u00e0 manifester en soutien au r\u00e9gime a \u00e9t\u00e9 lanc\u00e9<\/strong>, tandis que la population est invit\u00e9e \u00e0 rester calme et \u00e0 poursuivre ses activit\u00e9s normales.<\/li><li><strong>Le conflit militaire affecte la s\u00e9curit\u00e9 des infrastructures a\u00e9riennes strat\u00e9giques, avec un impact indirect sur les liaisons a\u00e9riennes de la r\u00e9gion<\/strong>.<\/li><\/ul>\n\n<h2 class=\"wp-block-heading\">Niger : tensions \u00e0 Niamey entre le r\u00e9gime militaire et des mutins retranch\u00e9s \u00e0 la base a\u00e9rienne<\/h2>\n\n<p class=\"wp-block-paragraph\">Le samedi 29 ao\u00fbt 2026, la capitale nig\u00e9rienne Niamey a \u00e9t\u00e9 le th\u00e9\u00e2tre d\u2019un violent \u00e9pisode de confrontation entre le r\u00e9gime militaire en place et un groupe de soldats mutins. Le g\u00e9n\u00e9ral Abdourahamane Tiani, arriv\u00e9 au pouvoir par un coup d\u2019\u00c9tat en juillet 2023, a annonc\u00e9 une \u00ab reconqu\u00eate progressive \u00bb du pouvoir, notamment autour des sites \u00ab sensibles \u00bb de la ville, apr\u00e8s plusieurs heures d\u2019\u00e9changes de tirs nourris. Ces affrontements ont essentiellement eu lieu \u00e0 proximit\u00e9 de la pr\u00e9sidence et de la base militaire 101, situ\u00e9e \u00e0 quelques pas de l\u2019a\u00e9roport international de Niamey.<\/p>\n\n<p class=\"wp-block-paragraph\">Les mutins, dont les motivations restent encore obscures, se sont retranch\u00e9s dans cette base a\u00e9rienne cruciale. Depuis cette enclave militaire, ils occupent un point strat\u00e9gique, abritant notamment le quartier g\u00e9n\u00e9ral du groupe paramilitaire russe Africa Corps et l\u2019\u00e9tat-major de la force unifi\u00e9e de l\u2019Alliance des Etats du Sahel (AES), coalition militaire comprenant le Niger, le Burkina Faso et le Mali. Ce site accueille \u00e9galement des cargaisons sensibles, comme le concentr\u00e9 d\u2019uranium, qui restent immobilis\u00e9es depuis plusieurs mois pour des raisons de s\u00e9curit\u00e9.<\/p>\n\n<figure class=\"wp-block-image size-full\"><img loading=\"lazy\" decoding=\"async\" width=\"1344\" height=\"768\" src=\"https:\/\/www.laeroport.fr\/news\/wp-content\/uploads\/2026\/08\/Niger-le-regime-militaire-proclame-la-reconquete-du-pouvoir-tandis-que-les-mutins-restent-retranches-a-la-base-aerienne-1.png\" alt=\"au niger, le r\u00e9gime militaire annonce la reconqu\u00eate du pouvoir alors que les mutins restent retranch\u00e9s \u00e0 la base a\u00e9rienne, intensifiant la crise politique dans le pays.\" class=\"wp-image-8496\" srcset=\"https:\/\/www.laeroport.fr\/news\/wp-content\/uploads\/2026\/08\/Niger-le-regime-militaire-proclame-la-reconquete-du-pouvoir-tandis-que-les-mutins-restent-retranches-a-la-base-aerienne-1.png 1344w, https:\/\/www.laeroport.fr\/news\/wp-content\/uploads\/2026\/08\/Niger-le-regime-militaire-proclame-la-reconquete-du-pouvoir-tandis-que-les-mutins-restent-retranches-a-la-base-aerienne-1-300x171.png 300w, https:\/\/www.laeroport.fr\/news\/wp-content\/uploads\/2026\/08\/Niger-le-regime-militaire-proclame-la-reconquete-du-pouvoir-tandis-que-les-mutins-restent-retranches-a-la-base-aerienne-1-1024x585.png 1024w, https:\/\/www.laeroport.fr\/news\/wp-content\/uploads\/2026\/08\/Niger-le-regime-militaire-proclame-la-reconquete-du-pouvoir-tandis-que-les-mutins-restent-retranches-a-la-base-aerienne-1-768x439.png 768w\" sizes=\"auto, (max-width: 1344px) 100vw, 1344px\" \/><\/figure>\n\n<h3 class=\"wp-block-heading\">Les enjeux militaires et politiques d\u2019un coup d\u2019\u00c9tat avort\u00e9<\/h3>\n\n<p class=\"wp-block-paragraph\">Selon un communiqu\u00e9 du ministre de la D\u00e9fense, le g\u00e9n\u00e9ral Salifou Mody, les mutins ont tent\u00e9 de s\u00e9questrer leurs camarades au sein de la base 101 et de prendre le contr\u00f4le de plusieurs installations strat\u00e9giques \u00e0 Niamey. Toutefois, la r\u00e9action rapide des forces loyalistes a permis de contenir ce mouvement, qui constitue la troisi\u00e8me crise majeure de l\u2019ann\u00e9e, apr\u00e8s des attaques jihadistes similaires qui avaient cibl\u00e9 l\u2019a\u00e9roport et la base militaire.<\/p>\n\n<p class=\"wp-block-paragraph\">La garde pr\u00e9sidentielle, fid\u00e8le au g\u00e9n\u00e9ral Tiani, a r\u00e9ussi \u00e0 repousser une tentative d\u2019assaut contre le palais pr\u00e9sidentiel. Malgr\u00e9 cet \u00e9pisode marqu\u00e9 par la r\u00e9volte interne, l\u2019arm\u00e9e reste un pilier essentiel de l\u2019ordre \u00e9tabli, ce qui garantit une certaine stabilit\u00e9 malgr\u00e9 l\u2019instabilit\u00e9 ponctuelle.<\/p>\n\n<p class=\"wp-block-paragraph\">Dans ce contexte, le r\u00e9gime au Niger a renforc\u00e9 son orientation politique vers Moscou au d\u00e9triment de Paris, accusant r\u00e9guli\u00e8rement la France de soutenir les groupes terroristes, une accusation fermement d\u00e9mentie par Paris. Cette strat\u00e9gie internationale influence aussi la gestion des infrastructures a\u00e9riennes cl\u00e9s, impactant les flux a\u00e9riens r\u00e9gionaux et la s\u00e9curit\u00e9 des voyageurs.<\/p>\n\n<h3 class=\"wp-block-heading\">La base a\u00e9rienne : un site clef au c\u0153ur de la crise politique et militaire<\/h3>\n\n<p class=\"wp-block-paragraph\">La base 101, situ\u00e9e en zone a\u00e9roportuaire, est un point n\u00e9vralgique pour l\u2019arm\u00e9e de l\u2019air nig\u00e9rienne et ses partenaires. D\u00e9j\u00e0 affect\u00e9e en d\u00e9but d\u2019ann\u00e9e par une attaque jihadiste, cette installation a r\u00e9v\u00e9l\u00e9 des failles dans la s\u00e9curit\u00e9 militaire nig\u00e9rienne, soulignant les d\u00e9fis auxquels fait face le r\u00e9gime de Tiani.<\/p>\n\n<p class=\"wp-block-paragraph\">Cette situation a des r\u00e9percussions sur la gestion des d\u00e9placements a\u00e9riens dans la r\u00e9gion, notamment pour la circulation civile et les op\u00e9rations s\u00e9curitaires. La s\u00e9curit\u00e9 compromise \u00e0 cet endroit soul\u00e8ve des inqui\u00e9tudes pour les compagnies a\u00e9riennes desservant Niamey, avec des cons\u00e9quences potentielles pour les vols internationaux. Pour mieux appr\u00e9hender l\u2019impact sur le transport a\u00e9rien, les acteurs peuvent s\u2019inspirer des exemples r\u00e9cents relatifs \u00e0 la gestion des espaces a\u00e9riens en p\u00e9riode de crise, tels que la <a href=\"https:\/\/www.laeroport.fr\/news\/emirats-arabes-unis-reouverture-de-lespace-aerien-et-reprise-des-vols-apres-plusieurs-mois-de-perturbations\/\">r\u00e9ouverture progressive de l\u2019espace a\u00e9rien aux \u00c9mirats arabes unis<\/a>.<\/p>\n\n<p class=\"wp-block-paragraph\">La tension mat\u00e9rielle et politique li\u00e9e \u00e0 cet \u00e9pisode de mutinerie souligne la n\u00e9cessit\u00e9 d\u2019un redoublement d\u2019efforts pour s\u00e9curiser les infrastructures a\u00e9riennes strat\u00e9giques dans des zones de conflit, impactant directement la fluidit\u00e9 du trafic a\u00e9rien r\u00e9gional.<\/p>\n\n<h2 class=\"wp-block-heading\">Cons\u00e9quences et implications pour la stabilit\u00e9 r\u00e9gionale et l\u2019aviation<\/h2>\n\n<p class=\"wp-block-paragraph\">Les r\u00e9cents \u00e9v\u00e9nements illustre clairement les fragilit\u00e9s persistantes au Niger, un pays confront\u00e9 \u00e0 une instabilit\u00e9 politique chronique depuis plusieurs ann\u00e9es. Cette situation complique la lutte contre les violences jihadistes dans la r\u00e9gion du Sahel, o\u00f9 les alliances militaires et les orientations politiques jouent un r\u00f4le pr\u00e9pond\u00e9rant. L\u2019instabilit\u00e9 affecte \u00e9galement la s\u00e9curit\u00e9 et la gestion des infrastructures strat\u00e9giques, notamment l\u2019a\u00e9roport international de Niamey, par lequel transitent voyageurs et marchandises.<\/p>\n\n<p class=\"wp-block-paragraph\">Au-del\u00e0 du contexte politique nig\u00e9rien, l\u2019instabilit\u00e9 des transports a\u00e9riens suscite une vigilance accrue chez les compagnies a\u00e9riennes et autorit\u00e9s a\u00e9roportuaires. L\u2019adaptation aux crises est devenue une priorit\u00e9. Le cas de <a href=\"https:\/\/www.laeroport.fr\/news\/air-canada-repond-a-une-forte-demande-a-laeroport-de-nantes-en-lancant-des-vols-directs-vers-le-quebec\/\">l\u2019essor des vols directs \u00e0 Nantes<\/a> montre que, malgr\u00e9 les difficult\u00e9s, la reprise a\u00e9rienne peut s\u2019appuyer sur une gestion proactive des r\u00e9seaux a\u00e9roportuaires s\u00e9curis\u00e9s.<\/p>\n\n<h3 class=\"wp-block-heading\">Un appel \u00e0 la mobilisation des partisans du r\u00e9gime<\/h3>\n\n<p class=\"wp-block-paragraph\">En r\u00e9action \u00e0 cette mutinerie, les autorit\u00e9s militaires ont appel\u00e9 la population \u00e0 garder son calme et \u00e0 poursuivre ses activit\u00e9s courantes. Parall\u00e8lement, un appel \u00e0 manifester en faveur du r\u00e9gime en place a \u00e9t\u00e9 lanc\u00e9, cherchant \u00e0 galvaniser le soutien populaire pour endiguer la crise.<\/p>\n\n<p class=\"wp-block-paragraph\">La situation reste mouvante, dans un contexte o\u00f9 la loyaut\u00e9 des forces arm\u00e9es demeure un \u00e9l\u00e9ment central du pouvoir militaire au Niger. Pour le moment, la reprise progressive du contr\u00f4le par le r\u00e9gime refl\u00e8te une volont\u00e9 de consolider son autorit\u00e9 face \u00e0 ce qui pourrait avoir \u00e9t\u00e9 une tentative de coup d\u2019\u00c9tat interne.<\/p>\n\n","protected":false},"excerpt":{"rendered":"<p>En bref : Niger : tensions \u00e0 Niamey entre le r\u00e9gime militaire et des mutins retranch\u00e9s \u00e0 la base a\u00e9rienne Le samedi 29 ao\u00fbt 2026, la capitale nig\u00e9rienne Niamey a \u00e9t\u00e9 le th\u00e9\u00e2tre d\u2019un violent \u00e9pisode de confrontation entre le r\u00e9gime militaire en place et un groupe de soldats mutins. Le g\u00e9n\u00e9ral Abdourahamane Tiani, arriv\u00e9 [&hellip;]<\/p>\n","protected":false},"author":10,"featured_media":8495,"comment_status":"open","ping_status":"open","sticky":false,"template":"","format":"standard","meta":{"footnotes":""},"categories":[2],"tags":[],"class_list":["post-8497","post","type-post","status-publish","format-standard","has-post-thumbnail","hentry","category-actualites-aeroports"],"_links":{"self":[{"href":"https:\/\/www.laeroport.fr\/news\/wp-json\/wp\/v2\/posts\/8497","targetHints":{"allow":["GET"]}}],"collection":[{"href":"https:\/\/www.laeroport.fr\/news\/wp-json\/wp\/v2\/posts"}],"about":[{"href":"https:\/\/www.laeroport.fr\/news\/wp-json\/wp\/v2\/types\/post"}],"author":[{"embeddable":true,"href":"https:\/\/www.laeroport.fr\/news\/wp-json\/wp\/v2\/users\/10"}],"replies":[{"embeddable":true,"href":"https:\/\/www.laeroport.fr\/news\/wp-json\/wp\/v2\/comments?post=8497"}],"version-history":[{"count":0,"href":"https:\/\/www.laeroport.fr\/news\/wp-json\/wp\/v2\/posts\/8497\/revisions"}],"wp:featuredmedia":[{"embeddable":true,"href":"https:\/\/www.laeroport.fr\/news\/wp-json\/wp\/v2\/media\/8495"}],"wp:attachment":[{"href":"https:\/\/www.laeroport.fr\/news\/wp-json\/wp\/v2\/media?parent=8497"}],"wp:term":[{"taxonomy":"category","embeddable":true,"href":"https:\/\/www.laeroport.fr\/news\/wp-json\/wp\/v2\/categories?post=8497"},{"taxonomy":"post_tag","embeddable":true,"href":"https:\/\/www.laeroport.fr\/news\/wp-json\/wp\/v2\/tags?post=8497"}],"curies":[{"name":"wp","href":"https:\/\/api.w.org\/{rel}","templated":true}]}}